{"id":28418,"date":"2021-03-15T16:46:43","date_gmt":"2021-03-15T15:46:43","guid":{"rendered":"https:\/\/www.pompes-funebres-santilly.com\/?p=28418"},"modified":"2021-03-15T16:48:00","modified_gmt":"2021-03-15T15:48:00","slug":"reprise-de-concession-funeraires-pourquoi-est-ce-necessaire","status":"publish","type":"post","link":"https:\/\/www.pompes-funebres-santilly.com\/fr\/2021\/03\/15\/reprise-de-concession-funeraires-pourquoi-est-ce-necessaire\/","title":{"rendered":"Reprise de concession fun\u00e9raires : Pourquoi est-ce n\u00e9cessaire ?"},"content":{"rendered":"\n<p><strong>Les cimeti\u00e8res disposent d&rsquo;un espace forc\u00e9ment limit\u00e9, c&rsquo;est pourquoi il est r\u00e9guli\u00e8rement n\u00e9cessaire de lib\u00e9rer des parcelles pour permettre de nouvelles inhumations ou l&rsquo;implantation d&rsquo;un \u00e9quipement cin\u00e9raire.<\/strong><\/p>\n\n\n\n<p><strong>Quelles s\u00e9pultures sont concern\u00e9es ?<\/strong><\/p>\n\n\n\n<p>Ces dispositions concernent des s\u00e9pultures en \u00e9tat d&rsquo;abandon et les concessions dont l&rsquo;\u00e9tat d\u00e9labr\u00e9 des monuments est susceptible de mettre en p\u00e9ril la s\u00e9curit\u00e9 des personnes ou des concessions voisines. Si ces parcelles reviennent de droit \u00e0 la municipalit\u00e9, la mairie s&rsquo;enquiert avant toute chose de retrouver les concessionnaires ou ayant-droits afin de leur notifier la situation de la s\u00e9pulture, constat et photographies \u00e0 l&rsquo;appui. Lorsque ces derniers sont identifi\u00e9s et s&rsquo;ils le souhaitent, ils ont la possibilit\u00e9 de remettre en \u00e9tat l&#8217;emplacement afin de le conserver. Dans le cas contraire, la concession revient, de droit, dans le giron de la municipalit\u00e9 qui fera les travaux n\u00e9cessaires pour pouvoir r\u00e9attribuer la parcelle. <a href=\"https:\/\/www.pompes-funebres-santilly.com\/fr\/collectivites\/\">Reprise de concessions fun\u00e9raires avec Ets Santilly Le Choix Fun\u00e9raire.<\/a><\/p>\n\n\n\n<p>Les municipalit\u00e9s sont \u00e9galement en droit de reprendre les concessions lorsque la dur\u00e9e de leur attribution arrive \u00e0 son terme (celle-ci a \u00e9t\u00e9 pr\u00e9alablement fix\u00e9e avec les ayant-droits pour une dur\u00e9e pouvant aller de 5 \u00e0 50 ans, sauf s&rsquo;il a \u00e9t\u00e9 n\u00e9goci\u00e9 une concession perp\u00e9tuelle). Dans ce cas de figure, le concessionaire ou ses ayant-droits disposent d&rsquo;un d\u00e9lai de deux ans pour proc\u00e9der \u00e0 son renouvellement. Sans intervention de ces derniers et \u00e0 l&rsquo;issue de ce d\u00e9lais, l&#8217;emplacement conc\u00e9d\u00e9 revient \u00e0 la commune qui pourra exhumer les d\u00e9funts qui y sont enterr\u00e9s et d\u00e9dier la parcelle \u00e0 une prochaine s\u00e9pulture. Les restes du corps exhum\u00e9 sont r\u00e9unis dans un cercueil de dimensions appropri\u00e9es d\u00e9nomme reliquaire ou bo\u00eete \u00e0 ossements avant d&rsquo;\u00eatre r\u00e9inhum\u00e9 dans l&rsquo;ossuaire.<\/p>\n\n\n\n<p><strong>Quelle est la dur\u00e9e d&rsquo;une concession en cimeti\u00e8re ?<\/strong><\/p>\n\n\n\n<p>Les mairies fixent la dur\u00e9e d\u2019une concession, et le type de concession disponibles pour une commune &nbsp;lors du conseil municipal.<\/p>\n\n\n\n<p>En g\u00e9n\u00e9ral, on retrouve quatre dur\u00e9es de concessions :<\/p>\n\n\n\n<ul class=\"wp-block-list\"><li>Concession temporaire : elle est octroy\u00e9e pour une dur\u00e9e de 5 \u00e0 15 ans<\/li><li>Concession trentenaire (30 ans)<\/li><li>Concession cinquantenaire (50 ans)<\/li><li>Concession perp\u00e9tuelle (sans limite de dur\u00e9e)<\/li><\/ul>\n\n\n\n<p><strong>Quel est le prix d&rsquo;une concession fun\u00e9raire ?<\/strong><\/p>\n\n\n\n<p>Vous trouverez tous les prix des concessions en fonction du cimeti\u00e8re sur la page de <a href=\"https:\/\/www.pompes-funebres-santilly.com\/fr\/nos-agences\/\">nos agences<\/a> ou en contactant un\/une de nos conseillers.<\/p>\n","protected":false},"excerpt":{"rendered":"<p>Les cimeti\u00e8res disposent d&rsquo;un espace forc\u00e9ment limit\u00e9, c&rsquo;est pourquoi il est r\u00e9guli\u00e8rement n\u00e9cessaire de lib\u00e9rer des parcelles pour permettre de nouvelles inhumations ou l&rsquo;implantation<\/p>\n","protected":false},"author":3,"featured_media":28414,"comment_status":"closed","ping_status":"closed","sticky":false,"template":"","format":"standard","meta":{"_acf_changed":false,"footnotes":""},"categories":[371],"tags":[],"class_list":["post-28418","post","type-post","status-publish","format-standard","has-post-thumbnail","hentry","category-agences"],"acf":false,"yoast_head":"<!-- This site is optimized with the Yoast SEO plugin v26.5 - https:\/\/yoast.com\/wordpress\/plugins\/seo\/ -->\n<title>Reprise de concession fun\u00e9raires : Pourquoi est-ce n\u00e9cessaire ?<\/title>\n<meta name=\"description\" content=\"Les cimeti\u00e8res disposent d&#039;un espace forc\u00e9ment limit\u00e9, c&#039;est pourquoi il est r\u00e9guli\u00e8rement n\u00e9cessaire de lib\u00e9rer des parcelles pour permettre de nouvelles inhumations ou l&#039;implantation d&#039;un \u00e9quipement cin\u00e9raire.\" \/>\n<meta name=\"robots\" content=\"index, follow, max-snippet:-1, max-image-preview:large, max-video-preview:-1\" \/>\n<link rel=\"canonical\" href=\"https:\/\/www.pompes-funebres-santilly.com\/fr\/2021\/03\/15\/reprise-de-concession-funeraires-pourquoi-est-ce-necessaire\/\" \/>\n<meta property=\"og:locale\" content=\"fr_FR\" \/>\n<meta property=\"og:type\" content=\"article\" \/>\n<meta property=\"og:title\" content=\"Reprise de concession fun\u00e9raires : Pourquoi est-ce n\u00e9cessaire ?\" \/>\n<meta property=\"og:description\" content=\"Les cimeti\u00e8res disposent d&#039;un espace forc\u00e9ment limit\u00e9, c&#039;est pourquoi il est r\u00e9guli\u00e8rement n\u00e9cessaire de lib\u00e9rer des parcelles pour permettre de nouvelles inhumations ou l&#039;implantation d&#039;un \u00e9quipement cin\u00e9raire.\" \/>\n<meta property=\"og:url\" content=\"https:\/\/www.pompes-funebres-santilly.com\/fr\/2021\/03\/15\/reprise-de-concession-funeraires-pourquoi-est-ce-necessaire\/\" \/>\n<meta property=\"og:site_name\" content=\"Pompes Fun\u00e8bres Santilly\" \/>\n<meta property=\"article:published_time\" content=\"2021-03-15T15:46:43+00:00\" \/>\n<meta property=\"article:modified_time\" content=\"2021-03-15T15:48:00+00:00\" \/>\n<meta property=\"og:image\" content=\"https:\/\/www.pompes-funebres-santilly.com\/wp-content\/uploads\/2021\/03\/Cimetiere.jpg\" \/>\n\t<meta property=\"og:image:width\" content=\"1500\" \/>\n\t<meta property=\"og:image:height\" content=\"908\" \/>\n\t<meta property=\"og:image:type\" content=\"image\/jpeg\" \/>\n<meta name=\"author\" content=\"Santilly\" \/>\n<meta name=\"twitter:card\" content=\"summary_large_image\" \/>\n<meta name=\"twitter:label1\" content=\"\u00c9crit par\" \/>\n\t<meta name=\"twitter:data1\" content=\"Santilly\" \/>\n\t<meta name=\"twitter:label2\" content=\"Dur\u00e9e de lecture est.\" \/>\n\t<meta name=\"twitter:data2\" content=\"2 minutes\" \/>\n<script type=\"application\/ld+json\" class=\"yoast-schema-graph\">{\"@context\":\"https:\/\/schema.org\",\"@graph\":[{\"@type\":\"Article\",\"@id\":\"https:\/\/www.pompes-funebres-santilly.com\/fr\/2021\/03\/15\/reprise-de-concession-funeraires-pourquoi-est-ce-necessaire\/#article\",\"isPartOf\":{\"@id\":\"https:\/\/www.pompes-funebres-santilly.com\/fr\/2021\/03\/15\/reprise-de-concession-funeraires-pourquoi-est-ce-necessaire\/\"},\"author\":{\"name\":\"Santilly\",\"@id\":\"https:\/\/www.pompes-funebres-santilly.com\/fr\/#\/schema\/person\/3020f1c0bd1feb0868115366fb31cc95\"},\"headline\":\"Reprise de concession fun\u00e9raires : Pourquoi est-ce n\u00e9cessaire ?\",\"datePublished\":\"2021-03-15T15:46:43+00:00\",\"dateModified\":\"2021-03-15T15:48:00+00:00\",\"mainEntityOfPage\":{\"@id\":\"https:\/\/www.pompes-funebres-santilly.com\/fr\/2021\/03\/15\/reprise-de-concession-funeraires-pourquoi-est-ce-necessaire\/\"},\"wordCount\":421,\"publisher\":{\"@id\":\"https:\/\/www.pompes-funebres-santilly.com\/fr\/#organization\"},\"image\":{\"@id\":\"https:\/\/www.pompes-funebres-santilly.com\/fr\/2021\/03\/15\/reprise-de-concession-funeraires-pourquoi-est-ce-necessaire\/#primaryimage\"},\"thumbnailUrl\":\"https:\/\/www.pompes-funebres-santilly.com\/wp-content\/uploads\/2021\/03\/Cimetiere.jpg\",\"articleSection\":[\"Agences\"],\"inLanguage\":\"fr-FR\"},{\"@type\":\"WebPage\",\"@id\":\"https:\/\/www.pompes-funebres-santilly.com\/fr\/2021\/03\/15\/reprise-de-concession-funeraires-pourquoi-est-ce-necessaire\/\",\"url\":\"https:\/\/www.pompes-funebres-santilly.com\/fr\/2021\/03\/15\/reprise-de-concession-funeraires-pourquoi-est-ce-necessaire\/\",\"name\":\"Reprise de concession fun\u00e9raires : Pourquoi est-ce n\u00e9cessaire ?\",\"isPartOf\":{\"@id\":\"https:\/\/www.pompes-funebres-santilly.com\/fr\/#website\"},\"primaryImageOfPage\":{\"@id\":\"https:\/\/www.pompes-funebres-santilly.com\/fr\/2021\/03\/15\/reprise-de-concession-funeraires-pourquoi-est-ce-necessaire\/#primaryimage\"},\"image\":{\"@id\":\"https:\/\/www.pompes-funebres-santilly.com\/fr\/2021\/03\/15\/reprise-de-concession-funeraires-pourquoi-est-ce-necessaire\/#primaryimage\"},\"thumbnailUrl\":\"https:\/\/www.pompes-funebres-santilly.com\/wp-content\/uploads\/2021\/03\/Cimetiere.jpg\",\"datePublished\":\"2021-03-15T15:46:43+00:00\",\"dateModified\":\"2021-03-15T15:48:00+00:00\",\"description\":\"Les cimeti\u00e8res disposent d'un espace forc\u00e9ment limit\u00e9, c'est pourquoi il est r\u00e9guli\u00e8rement n\u00e9cessaire de lib\u00e9rer des parcelles pour permettre de nouvelles inhumations ou l'implantation d'un \u00e9quipement cin\u00e9raire.\",\"breadcrumb\":{\"@id\":\"https:\/\/www.pompes-funebres-santilly.com\/fr\/2021\/03\/15\/reprise-de-concession-funeraires-pourquoi-est-ce-necessaire\/#breadcrumb\"},\"inLanguage\":\"fr-FR\",\"potentialAction\":[{\"@type\":\"ReadAction\",\"target\":[\"https:\/\/www.pompes-funebres-santilly.com\/fr\/2021\/03\/15\/reprise-de-concession-funeraires-pourquoi-est-ce-necessaire\/\"]}]},{\"@type\":\"ImageObject\",\"inLanguage\":\"fr-FR\",\"@id\":\"https:\/\/www.pompes-funebres-santilly.com\/fr\/2021\/03\/15\/reprise-de-concession-funeraires-pourquoi-est-ce-necessaire\/#primaryimage\",\"url\":\"https:\/\/www.pompes-funebres-santilly.com\/wp-content\/uploads\/2021\/03\/Cimetiere.jpg\",\"contentUrl\":\"https:\/\/www.pompes-funebres-santilly.com\/wp-content\/uploads\/2021\/03\/Cimetiere.jpg\",\"width\":1500,\"height\":908},{\"@type\":\"BreadcrumbList\",\"@id\":\"https:\/\/www.pompes-funebres-santilly.com\/fr\/2021\/03\/15\/reprise-de-concession-funeraires-pourquoi-est-ce-necessaire\/#breadcrumb\",\"itemListElement\":[{\"@type\":\"ListItem\",\"position\":1,\"name\":\"Accueil\",\"item\":\"https:\/\/www.pompes-funebres-santilly.com\/fr\/\"},{\"@type\":\"ListItem\",\"position\":2,\"name\":\"Reprise de concession fun\u00e9raires : Pourquoi est-ce n\u00e9cessaire ?\"}]},{\"@type\":\"WebSite\",\"@id\":\"https:\/\/www.pompes-funebres-santilly.com\/fr\/#website\",\"url\":\"https:\/\/www.pompes-funebres-santilly.com\/fr\/\",\"name\":\"Pompes Fun\u00e8bres Santilly\",\"description\":\"\",\"publisher\":{\"@id\":\"https:\/\/www.pompes-funebres-santilly.com\/fr\/#organization\"},\"potentialAction\":[{\"@type\":\"SearchAction\",\"target\":{\"@type\":\"EntryPoint\",\"urlTemplate\":\"https:\/\/www.pompes-funebres-santilly.com\/fr\/?s={search_term_string}\"},\"query-input\":{\"@type\":\"PropertyValueSpecification\",\"valueRequired\":true,\"valueName\":\"search_term_string\"}}],\"inLanguage\":\"fr-FR\"},{\"@type\":\"Organization\",\"@id\":\"https:\/\/www.pompes-funebres-santilly.com\/fr\/#organization\",\"name\":\"LCF Santilly\",\"url\":\"https:\/\/www.pompes-funebres-santilly.com\/fr\/\",\"logo\":{\"@type\":\"ImageObject\",\"inLanguage\":\"fr-FR\",\"@id\":\"https:\/\/www.pompes-funebres-santilly.com\/fr\/#\/schema\/logo\/image\/\",\"url\":\"https:\/\/www.pompes-funebres-santilly.com\/wp-content\/uploads\/2019\/12\/logo-1.png\",\"contentUrl\":\"https:\/\/www.pompes-funebres-santilly.com\/wp-content\/uploads\/2019\/12\/logo-1.png\",\"width\":433,\"height\":115,\"caption\":\"LCF Santilly\"},\"image\":{\"@id\":\"https:\/\/www.pompes-funebres-santilly.com\/fr\/#\/schema\/logo\/image\/\"}},{\"@type\":\"Person\",\"@id\":\"https:\/\/www.pompes-funebres-santilly.com\/fr\/#\/schema\/person\/3020f1c0bd1feb0868115366fb31cc95\",\"name\":\"Santilly\",\"image\":{\"@type\":\"ImageObject\",\"inLanguage\":\"fr-FR\",\"@id\":\"https:\/\/www.pompes-funebres-santilly.com\/fr\/#\/schema\/person\/image\/\",\"url\":\"https:\/\/secure.gravatar.com\/avatar\/d08e8b9ec21a434951053c5533e88ebcb4c108593887fce4d87fda56ac806b28?s=96&d=mm&r=g\",\"contentUrl\":\"https:\/\/secure.gravatar.com\/avatar\/d08e8b9ec21a434951053c5533e88ebcb4c108593887fce4d87fda56ac806b28?s=96&d=mm&r=g\",\"caption\":\"Santilly\"}}]}<\/script>\n<!-- \/ Yoast SEO plugin. -->","yoast_head_json":{"title":"Reprise de concession fun\u00e9raires : Pourquoi est-ce n\u00e9cessaire ?","description":"Les cimeti\u00e8res disposent d'un espace forc\u00e9ment limit\u00e9, c'est pourquoi il est r\u00e9guli\u00e8rement n\u00e9cessaire de lib\u00e9rer des parcelles pour permettre de nouvelles inhumations ou l'implantation d'un \u00e9quipement cin\u00e9raire.","robots":{"index":"index","follow":"follow","max-snippet":"max-snippet:-1","max-image-preview":"max-image-preview:large","max-video-preview":"max-video-preview:-1"},"canonical":"https:\/\/www.pompes-funebres-santilly.com\/fr\/2021\/03\/15\/reprise-de-concession-funeraires-pourquoi-est-ce-necessaire\/","og_locale":"fr_FR","og_type":"article","og_title":"Reprise de concession fun\u00e9raires : Pourquoi est-ce n\u00e9cessaire ?","og_description":"Les cimeti\u00e8res disposent d'un espace forc\u00e9ment limit\u00e9, c'est pourquoi il est r\u00e9guli\u00e8rement n\u00e9cessaire de lib\u00e9rer des parcelles pour permettre de nouvelles inhumations ou l'implantation d'un \u00e9quipement cin\u00e9raire.","og_url":"https:\/\/www.pompes-funebres-santilly.com\/fr\/2021\/03\/15\/reprise-de-concession-funeraires-pourquoi-est-ce-necessaire\/","og_site_name":"Pompes Fun\u00e8bres Santilly","article_published_time":"2021-03-15T15:46:43+00:00","article_modified_time":"2021-03-15T15:48:00+00:00","og_image":[{"width":1500,"height":908,"url":"https:\/\/www.pompes-funebres-santilly.com\/wp-content\/uploads\/2021\/03\/Cimetiere.jpg","type":"image\/jpeg"}],"author":"Santilly","twitter_card":"summary_large_image","twitter_misc":{"\u00c9crit par":"Santilly","Dur\u00e9e de lecture est.":"2 minutes"},"schema":{"@context":"https:\/\/schema.org","@graph":[{"@type":"Article","@id":"https:\/\/www.pompes-funebres-santilly.com\/fr\/2021\/03\/15\/reprise-de-concession-funeraires-pourquoi-est-ce-necessaire\/#article","isPartOf":{"@id":"https:\/\/www.pompes-funebres-santilly.com\/fr\/2021\/03\/15\/reprise-de-concession-funeraires-pourquoi-est-ce-necessaire\/"},"author":{"name":"Santilly","@id":"https:\/\/www.pompes-funebres-santilly.com\/fr\/#\/schema\/person\/3020f1c0bd1feb0868115366fb31cc95"},"headline":"Reprise de concession fun\u00e9raires : Pourquoi est-ce n\u00e9cessaire ?","datePublished":"2021-03-15T15:46:43+00:00","dateModified":"2021-03-15T15:48:00+00:00","mainEntityOfPage":{"@id":"https:\/\/www.pompes-funebres-santilly.com\/fr\/2021\/03\/15\/reprise-de-concession-funeraires-pourquoi-est-ce-necessaire\/"},"wordCount":421,"publisher":{"@id":"https:\/\/www.pompes-funebres-santilly.com\/fr\/#organization"},"image":{"@id":"https:\/\/www.pompes-funebres-santilly.com\/fr\/2021\/03\/15\/reprise-de-concession-funeraires-pourquoi-est-ce-necessaire\/#primaryimage"},"thumbnailUrl":"https:\/\/www.pompes-funebres-santilly.com\/wp-content\/uploads\/2021\/03\/Cimetiere.jpg","articleSection":["Agences"],"inLanguage":"fr-FR"},{"@type":"WebPage","@id":"https:\/\/www.pompes-funebres-santilly.com\/fr\/2021\/03\/15\/reprise-de-concession-funeraires-pourquoi-est-ce-necessaire\/","url":"https:\/\/www.pompes-funebres-santilly.com\/fr\/2021\/03\/15\/reprise-de-concession-funeraires-pourquoi-est-ce-necessaire\/","name":"Reprise de concession fun\u00e9raires : Pourquoi est-ce n\u00e9cessaire ?","isPartOf":{"@id":"https:\/\/www.pompes-funebres-santilly.com\/fr\/#website"},"primaryImageOfPage":{"@id":"https:\/\/www.pompes-funebres-santilly.com\/fr\/2021\/03\/15\/reprise-de-concession-funeraires-pourquoi-est-ce-necessaire\/#primaryimage"},"image":{"@id":"https:\/\/www.pompes-funebres-santilly.com\/fr\/2021\/03\/15\/reprise-de-concession-funeraires-pourquoi-est-ce-necessaire\/#primaryimage"},"thumbnailUrl":"https:\/\/www.pompes-funebres-santilly.com\/wp-content\/uploads\/2021\/03\/Cimetiere.jpg","datePublished":"2021-03-15T15:46:43+00:00","dateModified":"2021-03-15T15:48:00+00:00","description":"Les cimeti\u00e8res disposent d'un espace forc\u00e9ment limit\u00e9, c'est pourquoi il est r\u00e9guli\u00e8rement n\u00e9cessaire de lib\u00e9rer des parcelles pour permettre de nouvelles inhumations ou l'implantation d'un \u00e9quipement cin\u00e9raire.","breadcrumb":{"@id":"https:\/\/www.pompes-funebres-santilly.com\/fr\/2021\/03\/15\/reprise-de-concession-funeraires-pourquoi-est-ce-necessaire\/#breadcrumb"},"inLanguage":"fr-FR","potentialAction":[{"@type":"ReadAction","target":["https:\/\/www.pompes-funebres-santilly.com\/fr\/2021\/03\/15\/reprise-de-concession-funeraires-pourquoi-est-ce-necessaire\/"]}]},{"@type":"ImageObject","inLanguage":"fr-FR","@id":"https:\/\/www.pompes-funebres-santilly.com\/fr\/2021\/03\/15\/reprise-de-concession-funeraires-pourquoi-est-ce-necessaire\/#primaryimage","url":"https:\/\/www.pompes-funebres-santilly.com\/wp-content\/uploads\/2021\/03\/Cimetiere.jpg","contentUrl":"https:\/\/www.pompes-funebres-santilly.com\/wp-content\/uploads\/2021\/03\/Cimetiere.jpg","width":1500,"height":908},{"@type":"BreadcrumbList","@id":"https:\/\/www.pompes-funebres-santilly.com\/fr\/2021\/03\/15\/reprise-de-concession-funeraires-pourquoi-est-ce-necessaire\/#breadcrumb","itemListElement":[{"@type":"ListItem","position":1,"name":"Accueil","item":"https:\/\/www.pompes-funebres-santilly.com\/fr\/"},{"@type":"ListItem","position":2,"name":"Reprise de concession fun\u00e9raires : Pourquoi est-ce n\u00e9cessaire ?"}]},{"@type":"WebSite","@id":"https:\/\/www.pompes-funebres-santilly.com\/fr\/#website","url":"https:\/\/www.pompes-funebres-santilly.com\/fr\/","name":"Pompes Fun\u00e8bres Santilly","description":"","publisher":{"@id":"https:\/\/www.pompes-funebres-santilly.com\/fr\/#organization"},"potentialAction":[{"@type":"SearchAction","target":{"@type":"EntryPoint","urlTemplate":"https:\/\/www.pompes-funebres-santilly.com\/fr\/?s={search_term_string}"},"query-input":{"@type":"PropertyValueSpecification","valueRequired":true,"valueName":"search_term_string"}}],"inLanguage":"fr-FR"},{"@type":"Organization","@id":"https:\/\/www.pompes-funebres-santilly.com\/fr\/#organization","name":"LCF Santilly","url":"https:\/\/www.pompes-funebres-santilly.com\/fr\/","logo":{"@type":"ImageObject","inLanguage":"fr-FR","@id":"https:\/\/www.pompes-funebres-santilly.com\/fr\/#\/schema\/logo\/image\/","url":"https:\/\/www.pompes-funebres-santilly.com\/wp-content\/uploads\/2019\/12\/logo-1.png","contentUrl":"https:\/\/www.pompes-funebres-santilly.com\/wp-content\/uploads\/2019\/12\/logo-1.png","width":433,"height":115,"caption":"LCF Santilly"},"image":{"@id":"https:\/\/www.pompes-funebres-santilly.com\/fr\/#\/schema\/logo\/image\/"}},{"@type":"Person","@id":"https:\/\/www.pompes-funebres-santilly.com\/fr\/#\/schema\/person\/3020f1c0bd1feb0868115366fb31cc95","name":"Santilly","image":{"@type":"ImageObject","inLanguage":"fr-FR","@id":"https:\/\/www.pompes-funebres-santilly.com\/fr\/#\/schema\/person\/image\/","url":"https:\/\/secure.gravatar.com\/avatar\/d08e8b9ec21a434951053c5533e88ebcb4c108593887fce4d87fda56ac806b28?s=96&d=mm&r=g","contentUrl":"https:\/\/secure.gravatar.com\/avatar\/d08e8b9ec21a434951053c5533e88ebcb4c108593887fce4d87fda56ac806b28?s=96&d=mm&r=g","caption":"Santilly"}}]}},"_links":{"self":[{"href":"https:\/\/www.pompes-funebres-santilly.com\/fr\/wp-json\/wp\/v2\/posts\/28418","targetHints":{"allow":["GET"]}}],"collection":[{"href":"https:\/\/www.pompes-funebres-santilly.com\/fr\/wp-json\/wp\/v2\/posts"}],"about":[{"href":"https:\/\/www.pompes-funebres-santilly.com\/fr\/wp-json\/wp\/v2\/types\/post"}],"author":[{"embeddable":true,"href":"https:\/\/www.pompes-funebres-santilly.com\/fr\/wp-json\/wp\/v2\/users\/3"}],"replies":[{"embeddable":true,"href":"https:\/\/www.pompes-funebres-santilly.com\/fr\/wp-json\/wp\/v2\/comments?post=28418"}],"version-history":[{"count":2,"href":"https:\/\/www.pompes-funebres-santilly.com\/fr\/wp-json\/wp\/v2\/posts\/28418\/revisions"}],"predecessor-version":[{"id":28420,"href":"https:\/\/www.pompes-funebres-santilly.com\/fr\/wp-json\/wp\/v2\/posts\/28418\/revisions\/28420"}],"wp:featuredmedia":[{"embeddable":true,"href":"https:\/\/www.pompes-funebres-santilly.com\/fr\/wp-json\/wp\/v2\/media\/28414"}],"wp:attachment":[{"href":"https:\/\/www.pompes-funebres-santilly.com\/fr\/wp-json\/wp\/v2\/media?parent=28418"}],"wp:term":[{"taxonomy":"category","embeddable":true,"href":"https:\/\/www.pompes-funebres-santilly.com\/fr\/wp-json\/wp\/v2\/categories?post=28418"},{"taxonomy":"post_tag","embeddable":true,"href":"https:\/\/www.pompes-funebres-santilly.com\/fr\/wp-json\/wp\/v2\/tags?post=28418"}],"curies":[{"name":"wp","href":"https:\/\/api.w.org\/{rel}","templated":true}]}}