{"id":28017,"date":"2021-02-23T15:57:41","date_gmt":"2021-02-23T14:57:41","guid":{"rendered":"https:\/\/www.pompes-funebres-santilly.com\/?p=28017"},"modified":"2022-09-27T10:12:48","modified_gmt":"2022-09-27T08:12:48","slug":"reforestaction","status":"publish","type":"post","link":"https:\/\/www.pompes-funebres-santilly.com\/fr\/2021\/02\/23\/reforestaction\/","title":{"rendered":"Avec Reforest&rsquo;Action, soyons \u00e9coresponsables, ensemble."},"content":{"rendered":"\n<h2 class=\"wp-block-heading\">Organiser des fun\u00e9railles \u00e9cologiques<\/h2>\n\n\n\n<p><strong>Nous pouvons tous \u00eatres acteurs de l&rsquo;\u00e9cologie \u00e0 notre \u00e9chelle. C&rsquo;est ce que nous effor\u00e7ons de faire en tant que membres du r\u00e9seau Le Choix Fun\u00e9raire. Ainsi en 2021 et pour la deuxi\u00e8me ann\u00e9e cons\u00e9cutive, nous avons souhait\u00e9 reconduire notre partenariat avec Reforestaction. <\/strong><\/p>\n\n\n\n<p>La for\u00eat est aujourd&rsquo;hui une des solutions incontest\u00e9es contre le r\u00e9chauffement climatique et 80% de la biodiversit\u00e9 terrestre y est abrit\u00e9e. Il nous a sembl\u00e9 logique de prendre cette dimension en compte dans la recherche de partenaires pour agir de mani\u00e8re concr\u00e8te en faveur de l&rsquo;environnement. Le principe est simple : pour chaque achat d&rsquo;un <strong>capiton Natura<\/strong>, nous nous engageons avec Reforestaction \u00e0 ce qu&rsquo;un arbre soit plant\u00e9 en France. Depuis le d\u00e9but de cette collaboration, ce sont <strong>2250 arbres <\/strong>qui ont ainsi \u00e9t\u00e9 plant\u00e9s dans les for\u00eats fran\u00e7aises. <\/p>\n\n\n\n<p>Reforestaction intervient dans plus de vingt-cinq pays sur quatre continents mais notre choix s&rsquo;est port\u00e9 sur des projets de reboisement fran\u00e7ais, en coh\u00e9rence avec l&rsquo;esprit de proximit\u00e9 que nous d\u00e9fendons. Cette initiative \u00e9coresponsable n&rsquo;est pas la seul \u00e0 laquelle nous tenons. Nous avons \u00e0 c\u0153ur de d\u00e9velopper davantage de produits \u00e0 forte dimension \u00e9cologique. C&rsquo;est pourquoi nous d\u00e9veloppons une gamme \u00e9cocon\u00e7ue comprenant des capitons 100% naturels, des cercueils \u00e9co label issus de for\u00eats \u00e9co-g\u00e9r\u00e9es et des urnes biod\u00e9gradables.<\/p>\n\n\n\n<p>Pour les m\u00eames raisons, nous nous effor\u00e7ons de travailler en priorit\u00e9 avec des fournisseurs qui partagent nos pr\u00e9occupations. Ainsi les imprimeurs auxquels nous faisons appel pour \u00e9diter nos supports de communication, revendiquent des labels respectueux de l&rsquo;environnement.<\/p>\n\n\n\n<figure class=\"wp-block-image size-large\"><img decoding=\"async\" width=\"1024\" height=\"724\" src=\"https:\/\/www.pompes-funebres-santilly.com\/wp-content\/uploads\/2022\/01\/Resonance-funeraire-Sengager-pour-leicologie-scaled-1024x724.jpg\" alt=\"\" class=\"wp-image-29704\" srcset=\"https:\/\/www.pompes-funebres-santilly.com\/wp-content\/uploads\/2022\/01\/Resonance-funeraire-Sengager-pour-leicologie-scaled-1024x724.jpg 1024w, https:\/\/www.pompes-funebres-santilly.com\/wp-content\/uploads\/2022\/01\/Resonance-funeraire-Sengager-pour-leicologie-scaled-300x212.jpg 300w, https:\/\/www.pompes-funebres-santilly.com\/wp-content\/uploads\/2022\/01\/Resonance-funeraire-Sengager-pour-leicologie-768x543.jpg 768w, https:\/\/www.pompes-funebres-santilly.com\/wp-content\/uploads\/2022\/01\/Resonance-funeraire-Sengager-pour-leicologie-scaled-1536x1086.jpg 1536w, https:\/\/www.pompes-funebres-santilly.com\/wp-content\/uploads\/2022\/01\/Resonance-funeraire-Sengager-pour-leicologie-scaled-2048x1448.jpg 2048w\" sizes=\"(max-width: 1024px) 100vw, 1024px\" \/><\/figure>\n\n\n\n<p><\/p>\n","protected":false},"excerpt":{"rendered":"<p>Nous pouvons tous \u00eatres acteurs de l&rsquo;\u00e9cologie \u00e0 notre \u00e9chelle. C&rsquo;est ce que nous effor\u00e7ons de faire en tant que membres du r\u00e9seau Le Choix Fun\u00e9raire. Ainsi en 2021 et pour la deuxi\u00e8me(&#8230;)<\/p>\n","protected":false},"author":3,"featured_media":29710,"comment_status":"closed","ping_status":"closed","sticky":false,"template":"","format":"standard","meta":{"_acf_changed":false,"footnotes":""},"categories":[371],"tags":[],"class_list":["post-28017","post","type-post","status-publish","format-standard","has-post-thumbnail","hentry","category-agences"],"acf":false,"yoast_head":"<!-- This site is optimized with the Yoast SEO plugin v26.5 - https:\/\/yoast.com\/wordpress\/plugins\/seo\/ -->\n<title>Enterrement \u00e9cologique : Reforestation - Ets Santilly<\/title>\n<meta name=\"description\" content=\"Nous pouvons tous \u00eatre acteurs de l&#039;\u00e9cologie \u00e0 notre \u00e9chelle. C&#039;est ce que nous effor\u00e7ons de faire en tant que membres du r\u00e9seau Le Choix Fun\u00e9raire.\" \/>\n<meta name=\"robots\" content=\"index, follow, max-snippet:-1, max-image-preview:large, max-video-preview:-1\" \/>\n<link rel=\"canonical\" href=\"https:\/\/www.pompes-funebres-santilly.com\/fr\/2021\/02\/23\/reforestaction\/\" \/>\n<meta property=\"og:locale\" content=\"fr_FR\" \/>\n<meta property=\"og:type\" content=\"article\" \/>\n<meta property=\"og:title\" content=\"Enterrement \u00e9cologique : Reforestation - Ets Santilly\" \/>\n<meta property=\"og:description\" content=\"Nous pouvons tous \u00eatre acteurs de l&#039;\u00e9cologie \u00e0 notre \u00e9chelle. C&#039;est ce que nous effor\u00e7ons de faire en tant que membres du r\u00e9seau Le Choix Fun\u00e9raire.\" \/>\n<meta property=\"og:url\" content=\"https:\/\/www.pompes-funebres-santilly.com\/fr\/2021\/02\/23\/reforestaction\/\" \/>\n<meta property=\"og:site_name\" content=\"Pompes Fun\u00e8bres Santilly\" \/>\n<meta property=\"article:published_time\" content=\"2021-02-23T14:57:41+00:00\" \/>\n<meta property=\"article:modified_time\" content=\"2022-09-27T08:12:48+00:00\" \/>\n<meta property=\"og:image\" content=\"https:\/\/www.pompes-funebres-santilly.com\/wp-content\/uploads\/2021\/02\/Forest.jpg\" \/>\n\t<meta property=\"og:image:width\" content=\"1500\" \/>\n\t<meta property=\"og:image:height\" content=\"839\" \/>\n\t<meta property=\"og:image:type\" content=\"image\/jpeg\" \/>\n<meta name=\"author\" content=\"Santilly\" \/>\n<meta name=\"twitter:card\" content=\"summary_large_image\" \/>\n<meta name=\"twitter:label1\" content=\"\u00c9crit par\" \/>\n\t<meta name=\"twitter:data1\" content=\"Santilly\" \/>\n\t<meta name=\"twitter:label2\" content=\"Dur\u00e9e de lecture est.\" \/>\n\t<meta name=\"twitter:data2\" content=\"2 minutes\" \/>\n<script type=\"application\/ld+json\" class=\"yoast-schema-graph\">{\"@context\":\"https:\/\/schema.org\",\"@graph\":[{\"@type\":\"Article\",\"@id\":\"https:\/\/www.pompes-funebres-santilly.com\/fr\/2021\/02\/23\/reforestaction\/#article\",\"isPartOf\":{\"@id\":\"https:\/\/www.pompes-funebres-santilly.com\/fr\/2021\/02\/23\/reforestaction\/\"},\"author\":{\"name\":\"Santilly\",\"@id\":\"https:\/\/www.pompes-funebres-santilly.com\/fr\/#\/schema\/person\/3020f1c0bd1feb0868115366fb31cc95\"},\"headline\":\"Avec Reforest&rsquo;Action, soyons \u00e9coresponsables, ensemble.\",\"datePublished\":\"2021-02-23T14:57:41+00:00\",\"dateModified\":\"2022-09-27T08:12:48+00:00\",\"mainEntityOfPage\":{\"@id\":\"https:\/\/www.pompes-funebres-santilly.com\/fr\/2021\/02\/23\/reforestaction\/\"},\"wordCount\":278,\"publisher\":{\"@id\":\"https:\/\/www.pompes-funebres-santilly.com\/fr\/#organization\"},\"image\":{\"@id\":\"https:\/\/www.pompes-funebres-santilly.com\/fr\/2021\/02\/23\/reforestaction\/#primaryimage\"},\"thumbnailUrl\":\"https:\/\/www.pompes-funebres-santilly.com\/wp-content\/uploads\/2021\/02\/Forest.jpg\",\"articleSection\":[\"Agences\"],\"inLanguage\":\"fr-FR\"},{\"@type\":\"WebPage\",\"@id\":\"https:\/\/www.pompes-funebres-santilly.com\/fr\/2021\/02\/23\/reforestaction\/\",\"url\":\"https:\/\/www.pompes-funebres-santilly.com\/fr\/2021\/02\/23\/reforestaction\/\",\"name\":\"Enterrement \u00e9cologique : Reforestation - Ets Santilly\",\"isPartOf\":{\"@id\":\"https:\/\/www.pompes-funebres-santilly.com\/fr\/#website\"},\"primaryImageOfPage\":{\"@id\":\"https:\/\/www.pompes-funebres-santilly.com\/fr\/2021\/02\/23\/reforestaction\/#primaryimage\"},\"image\":{\"@id\":\"https:\/\/www.pompes-funebres-santilly.com\/fr\/2021\/02\/23\/reforestaction\/#primaryimage\"},\"thumbnailUrl\":\"https:\/\/www.pompes-funebres-santilly.com\/wp-content\/uploads\/2021\/02\/Forest.jpg\",\"datePublished\":\"2021-02-23T14:57:41+00:00\",\"dateModified\":\"2022-09-27T08:12:48+00:00\",\"description\":\"Nous pouvons tous \u00eatre acteurs de l'\u00e9cologie \u00e0 notre \u00e9chelle. C'est ce que nous effor\u00e7ons de faire en tant que membres du r\u00e9seau Le Choix Fun\u00e9raire.\",\"breadcrumb\":{\"@id\":\"https:\/\/www.pompes-funebres-santilly.com\/fr\/2021\/02\/23\/reforestaction\/#breadcrumb\"},\"inLanguage\":\"fr-FR\",\"potentialAction\":[{\"@type\":\"ReadAction\",\"target\":[\"https:\/\/www.pompes-funebres-santilly.com\/fr\/2021\/02\/23\/reforestaction\/\"]}]},{\"@type\":\"ImageObject\",\"inLanguage\":\"fr-FR\",\"@id\":\"https:\/\/www.pompes-funebres-santilly.com\/fr\/2021\/02\/23\/reforestaction\/#primaryimage\",\"url\":\"https:\/\/www.pompes-funebres-santilly.com\/wp-content\/uploads\/2021\/02\/Forest.jpg\",\"contentUrl\":\"https:\/\/www.pompes-funebres-santilly.com\/wp-content\/uploads\/2021\/02\/Forest.jpg\",\"width\":1500,\"height\":839},{\"@type\":\"BreadcrumbList\",\"@id\":\"https:\/\/www.pompes-funebres-santilly.com\/fr\/2021\/02\/23\/reforestaction\/#breadcrumb\",\"itemListElement\":[{\"@type\":\"ListItem\",\"position\":1,\"name\":\"Accueil\",\"item\":\"https:\/\/www.pompes-funebres-santilly.com\/fr\/\"},{\"@type\":\"ListItem\",\"position\":2,\"name\":\"Avec Reforest&rsquo;Action, soyons \u00e9coresponsables, ensemble.\"}]},{\"@type\":\"WebSite\",\"@id\":\"https:\/\/www.pompes-funebres-santilly.com\/fr\/#website\",\"url\":\"https:\/\/www.pompes-funebres-santilly.com\/fr\/\",\"name\":\"Pompes Fun\u00e8bres Santilly\",\"description\":\"\",\"publisher\":{\"@id\":\"https:\/\/www.pompes-funebres-santilly.com\/fr\/#organization\"},\"potentialAction\":[{\"@type\":\"SearchAction\",\"target\":{\"@type\":\"EntryPoint\",\"urlTemplate\":\"https:\/\/www.pompes-funebres-santilly.com\/fr\/?s={search_term_string}\"},\"query-input\":{\"@type\":\"PropertyValueSpecification\",\"valueRequired\":true,\"valueName\":\"search_term_string\"}}],\"inLanguage\":\"fr-FR\"},{\"@type\":\"Organization\",\"@id\":\"https:\/\/www.pompes-funebres-santilly.com\/fr\/#organization\",\"name\":\"LCF Santilly\",\"url\":\"https:\/\/www.pompes-funebres-santilly.com\/fr\/\",\"logo\":{\"@type\":\"ImageObject\",\"inLanguage\":\"fr-FR\",\"@id\":\"https:\/\/www.pompes-funebres-santilly.com\/fr\/#\/schema\/logo\/image\/\",\"url\":\"https:\/\/www.pompes-funebres-santilly.com\/wp-content\/uploads\/2019\/12\/logo-1.png\",\"contentUrl\":\"https:\/\/www.pompes-funebres-santilly.com\/wp-content\/uploads\/2019\/12\/logo-1.png\",\"width\":433,\"height\":115,\"caption\":\"LCF Santilly\"},\"image\":{\"@id\":\"https:\/\/www.pompes-funebres-santilly.com\/fr\/#\/schema\/logo\/image\/\"}},{\"@type\":\"Person\",\"@id\":\"https:\/\/www.pompes-funebres-santilly.com\/fr\/#\/schema\/person\/3020f1c0bd1feb0868115366fb31cc95\",\"name\":\"Santilly\",\"image\":{\"@type\":\"ImageObject\",\"inLanguage\":\"fr-FR\",\"@id\":\"https:\/\/www.pompes-funebres-santilly.com\/fr\/#\/schema\/person\/image\/\",\"url\":\"https:\/\/secure.gravatar.com\/avatar\/d08e8b9ec21a434951053c5533e88ebcb4c108593887fce4d87fda56ac806b28?s=96&d=mm&r=g\",\"contentUrl\":\"https:\/\/secure.gravatar.com\/avatar\/d08e8b9ec21a434951053c5533e88ebcb4c108593887fce4d87fda56ac806b28?s=96&d=mm&r=g\",\"caption\":\"Santilly\"}}]}<\/script>\n<!-- \/ Yoast SEO plugin. -->","yoast_head_json":{"title":"Enterrement \u00e9cologique : Reforestation - Ets Santilly","description":"Nous pouvons tous \u00eatre acteurs de l'\u00e9cologie \u00e0 notre \u00e9chelle. C'est ce que nous effor\u00e7ons de faire en tant que membres du r\u00e9seau Le Choix Fun\u00e9raire.","robots":{"index":"index","follow":"follow","max-snippet":"max-snippet:-1","max-image-preview":"max-image-preview:large","max-video-preview":"max-video-preview:-1"},"canonical":"https:\/\/www.pompes-funebres-santilly.com\/fr\/2021\/02\/23\/reforestaction\/","og_locale":"fr_FR","og_type":"article","og_title":"Enterrement \u00e9cologique : Reforestation - Ets Santilly","og_description":"Nous pouvons tous \u00eatre acteurs de l'\u00e9cologie \u00e0 notre \u00e9chelle. C'est ce que nous effor\u00e7ons de faire en tant que membres du r\u00e9seau Le Choix Fun\u00e9raire.","og_url":"https:\/\/www.pompes-funebres-santilly.com\/fr\/2021\/02\/23\/reforestaction\/","og_site_name":"Pompes Fun\u00e8bres Santilly","article_published_time":"2021-02-23T14:57:41+00:00","article_modified_time":"2022-09-27T08:12:48+00:00","og_image":[{"width":1500,"height":839,"url":"https:\/\/www.pompes-funebres-santilly.com\/wp-content\/uploads\/2021\/02\/Forest.jpg","type":"image\/jpeg"}],"author":"Santilly","twitter_card":"summary_large_image","twitter_misc":{"\u00c9crit par":"Santilly","Dur\u00e9e de lecture est.":"2 minutes"},"schema":{"@context":"https:\/\/schema.org","@graph":[{"@type":"Article","@id":"https:\/\/www.pompes-funebres-santilly.com\/fr\/2021\/02\/23\/reforestaction\/#article","isPartOf":{"@id":"https:\/\/www.pompes-funebres-santilly.com\/fr\/2021\/02\/23\/reforestaction\/"},"author":{"name":"Santilly","@id":"https:\/\/www.pompes-funebres-santilly.com\/fr\/#\/schema\/person\/3020f1c0bd1feb0868115366fb31cc95"},"headline":"Avec Reforest&rsquo;Action, soyons \u00e9coresponsables, ensemble.","datePublished":"2021-02-23T14:57:41+00:00","dateModified":"2022-09-27T08:12:48+00:00","mainEntityOfPage":{"@id":"https:\/\/www.pompes-funebres-santilly.com\/fr\/2021\/02\/23\/reforestaction\/"},"wordCount":278,"publisher":{"@id":"https:\/\/www.pompes-funebres-santilly.com\/fr\/#organization"},"image":{"@id":"https:\/\/www.pompes-funebres-santilly.com\/fr\/2021\/02\/23\/reforestaction\/#primaryimage"},"thumbnailUrl":"https:\/\/www.pompes-funebres-santilly.com\/wp-content\/uploads\/2021\/02\/Forest.jpg","articleSection":["Agences"],"inLanguage":"fr-FR"},{"@type":"WebPage","@id":"https:\/\/www.pompes-funebres-santilly.com\/fr\/2021\/02\/23\/reforestaction\/","url":"https:\/\/www.pompes-funebres-santilly.com\/fr\/2021\/02\/23\/reforestaction\/","name":"Enterrement \u00e9cologique : Reforestation - Ets Santilly","isPartOf":{"@id":"https:\/\/www.pompes-funebres-santilly.com\/fr\/#website"},"primaryImageOfPage":{"@id":"https:\/\/www.pompes-funebres-santilly.com\/fr\/2021\/02\/23\/reforestaction\/#primaryimage"},"image":{"@id":"https:\/\/www.pompes-funebres-santilly.com\/fr\/2021\/02\/23\/reforestaction\/#primaryimage"},"thumbnailUrl":"https:\/\/www.pompes-funebres-santilly.com\/wp-content\/uploads\/2021\/02\/Forest.jpg","datePublished":"2021-02-23T14:57:41+00:00","dateModified":"2022-09-27T08:12:48+00:00","description":"Nous pouvons tous \u00eatre acteurs de l'\u00e9cologie \u00e0 notre \u00e9chelle. C'est ce que nous effor\u00e7ons de faire en tant que membres du r\u00e9seau Le Choix Fun\u00e9raire.","breadcrumb":{"@id":"https:\/\/www.pompes-funebres-santilly.com\/fr\/2021\/02\/23\/reforestaction\/#breadcrumb"},"inLanguage":"fr-FR","potentialAction":[{"@type":"ReadAction","target":["https:\/\/www.pompes-funebres-santilly.com\/fr\/2021\/02\/23\/reforestaction\/"]}]},{"@type":"ImageObject","inLanguage":"fr-FR","@id":"https:\/\/www.pompes-funebres-santilly.com\/fr\/2021\/02\/23\/reforestaction\/#primaryimage","url":"https:\/\/www.pompes-funebres-santilly.com\/wp-content\/uploads\/2021\/02\/Forest.jpg","contentUrl":"https:\/\/www.pompes-funebres-santilly.com\/wp-content\/uploads\/2021\/02\/Forest.jpg","width":1500,"height":839},{"@type":"BreadcrumbList","@id":"https:\/\/www.pompes-funebres-santilly.com\/fr\/2021\/02\/23\/reforestaction\/#breadcrumb","itemListElement":[{"@type":"ListItem","position":1,"name":"Accueil","item":"https:\/\/www.pompes-funebres-santilly.com\/fr\/"},{"@type":"ListItem","position":2,"name":"Avec Reforest&rsquo;Action, soyons \u00e9coresponsables, ensemble."}]},{"@type":"WebSite","@id":"https:\/\/www.pompes-funebres-santilly.com\/fr\/#website","url":"https:\/\/www.pompes-funebres-santilly.com\/fr\/","name":"Pompes Fun\u00e8bres Santilly","description":"","publisher":{"@id":"https:\/\/www.pompes-funebres-santilly.com\/fr\/#organization"},"potentialAction":[{"@type":"SearchAction","target":{"@type":"EntryPoint","urlTemplate":"https:\/\/www.pompes-funebres-santilly.com\/fr\/?s={search_term_string}"},"query-input":{"@type":"PropertyValueSpecification","valueRequired":true,"valueName":"search_term_string"}}],"inLanguage":"fr-FR"},{"@type":"Organization","@id":"https:\/\/www.pompes-funebres-santilly.com\/fr\/#organization","name":"LCF Santilly","url":"https:\/\/www.pompes-funebres-santilly.com\/fr\/","logo":{"@type":"ImageObject","inLanguage":"fr-FR","@id":"https:\/\/www.pompes-funebres-santilly.com\/fr\/#\/schema\/logo\/image\/","url":"https:\/\/www.pompes-funebres-santilly.com\/wp-content\/uploads\/2019\/12\/logo-1.png","contentUrl":"https:\/\/www.pompes-funebres-santilly.com\/wp-content\/uploads\/2019\/12\/logo-1.png","width":433,"height":115,"caption":"LCF Santilly"},"image":{"@id":"https:\/\/www.pompes-funebres-santilly.com\/fr\/#\/schema\/logo\/image\/"}},{"@type":"Person","@id":"https:\/\/www.pompes-funebres-santilly.com\/fr\/#\/schema\/person\/3020f1c0bd1feb0868115366fb31cc95","name":"Santilly","image":{"@type":"ImageObject","inLanguage":"fr-FR","@id":"https:\/\/www.pompes-funebres-santilly.com\/fr\/#\/schema\/person\/image\/","url":"https:\/\/secure.gravatar.com\/avatar\/d08e8b9ec21a434951053c5533e88ebcb4c108593887fce4d87fda56ac806b28?s=96&d=mm&r=g","contentUrl":"https:\/\/secure.gravatar.com\/avatar\/d08e8b9ec21a434951053c5533e88ebcb4c108593887fce4d87fda56ac806b28?s=96&d=mm&r=g","caption":"Santilly"}}]}},"_links":{"self":[{"href":"https:\/\/www.pompes-funebres-santilly.com\/fr\/wp-json\/wp\/v2\/posts\/28017","targetHints":{"allow":["GET"]}}],"collection":[{"href":"https:\/\/www.pompes-funebres-santilly.com\/fr\/wp-json\/wp\/v2\/posts"}],"about":[{"href":"https:\/\/www.pompes-funebres-santilly.com\/fr\/wp-json\/wp\/v2\/types\/post"}],"author":[{"embeddable":true,"href":"https:\/\/www.pompes-funebres-santilly.com\/fr\/wp-json\/wp\/v2\/users\/3"}],"replies":[{"embeddable":true,"href":"https:\/\/www.pompes-funebres-santilly.com\/fr\/wp-json\/wp\/v2\/comments?post=28017"}],"version-history":[{"count":8,"href":"https:\/\/www.pompes-funebres-santilly.com\/fr\/wp-json\/wp\/v2\/posts\/28017\/revisions"}],"predecessor-version":[{"id":30575,"href":"https:\/\/www.pompes-funebres-santilly.com\/fr\/wp-json\/wp\/v2\/posts\/28017\/revisions\/30575"}],"wp:featuredmedia":[{"embeddable":true,"href":"https:\/\/www.pompes-funebres-santilly.com\/fr\/wp-json\/wp\/v2\/media\/29710"}],"wp:attachment":[{"href":"https:\/\/www.pompes-funebres-santilly.com\/fr\/wp-json\/wp\/v2\/media?parent=28017"}],"wp:term":[{"taxonomy":"category","embeddable":true,"href":"https:\/\/www.pompes-funebres-santilly.com\/fr\/wp-json\/wp\/v2\/categories?post=28017"},{"taxonomy":"post_tag","embeddable":true,"href":"https:\/\/www.pompes-funebres-santilly.com\/fr\/wp-json\/wp\/v2\/tags?post=28017"}],"curies":[{"name":"wp","href":"https:\/\/api.w.org\/{rel}","templated":true}]}}