{"id":27089,"date":"2020-12-28T11:04:11","date_gmt":"2020-12-28T10:04:11","guid":{"rendered":"https:\/\/www.pompes-funebres-santilly.com\/?p=27089"},"modified":"2020-12-28T11:14:54","modified_gmt":"2020-12-28T10:14:54","slug":"un-nouveau-decor-pour-le-funerarium-de-pantin","status":"publish","type":"post","link":"https:\/\/www.pompes-funebres-santilly.com\/fr\/2020\/12\/28\/un-nouveau-decor-pour-le-funerarium-de-pantin\/","title":{"rendered":"Un nouveau d\u00e9cor pour le fun\u00e9rarium de Pantin"},"content":{"rendered":"\n<p><strong>Les derniers moments que l\u2019on passe aupr\u00e8s d\u2019un proche d\u00e9funt sont pr\u00e9cieux. Ils sont l\u2019occasion de dire un dernier au revoir et de lui rendre hommage dans un moment intense de recueillement et de marque de respect \u00e0 sa m\u00e9moire.<\/strong><\/p>\n\n\n\n<figure class=\"wp-block-gallery columns-2 is-cropped wp-block-gallery-1 is-layout-flex wp-block-gallery-is-layout-flex\"><ul class=\"blocks-gallery-grid\"><li class=\"blocks-gallery-item\"><figure><img decoding=\"async\" width=\"1024\" height=\"684\" src=\"https:\/\/www.pompes-funebres-santilly.com\/wp-content\/uploads\/2019\/12\/Pompes-Funebres-Santilly-Funerarium-a\u0300-Pantin_04-1024x684.jpg\" alt=\"\" data-id=\"25316\" data-full-url=\"https:\/\/www.pompes-funebres-santilly.com\/wp-content\/uploads\/2019\/12\/Pompes-Funebres-Santilly-Funerarium-a\u0300-Pantin_04.jpg\" data-link=\"https:\/\/www.pompes-funebres-santilly.com\/fr\/nos-agences\/pantin\/funeral-piggy-bank-on-coins-3\/\" class=\"wp-image-25316\" srcset=\"https:\/\/www.pompes-funebres-santilly.com\/wp-content\/uploads\/2019\/12\/Pompes-Funebres-Santilly-Funerarium-a\u0300-Pantin_04-1024x684.jpg 1024w, https:\/\/www.pompes-funebres-santilly.com\/wp-content\/uploads\/2019\/12\/Pompes-Funebres-Santilly-Funerarium-a\u0300-Pantin_04-300x200.jpg 300w, https:\/\/www.pompes-funebres-santilly.com\/wp-content\/uploads\/2019\/12\/Pompes-Funebres-Santilly-Funerarium-a\u0300-Pantin_04-768x513.jpg 768w, https:\/\/www.pompes-funebres-santilly.com\/wp-content\/uploads\/2019\/12\/Pompes-Funebres-Santilly-Funerarium-a\u0300-Pantin_04-1536x1025.jpg 1536w, https:\/\/www.pompes-funebres-santilly.com\/wp-content\/uploads\/2019\/12\/Pompes-Funebres-Santilly-Funerarium-a\u0300-Pantin_04.jpg 2048w\" sizes=\"(max-width: 1024px) 100vw, 1024px\" \/><\/figure><\/li><li class=\"blocks-gallery-item\"><figure><img decoding=\"async\" width=\"1024\" height=\"684\" src=\"https:\/\/www.pompes-funebres-santilly.com\/wp-content\/uploads\/2019\/12\/Pompes-Funebres-Santilly-Funerarium-a\u0300-Pantin_03-1024x684.jpg\" alt=\"\" data-id=\"25319\" data-full-url=\"https:\/\/www.pompes-funebres-santilly.com\/wp-content\/uploads\/2019\/12\/Pompes-Funebres-Santilly-Funerarium-a\u0300-Pantin_03.jpg\" data-link=\"https:\/\/www.pompes-funebres-santilly.com\/fr\/nos-agences\/pantin\/funeral-piggy-bank-on-coins-4\/\" class=\"wp-image-25319\" srcset=\"https:\/\/www.pompes-funebres-santilly.com\/wp-content\/uploads\/2019\/12\/Pompes-Funebres-Santilly-Funerarium-a\u0300-Pantin_03-1024x684.jpg 1024w, https:\/\/www.pompes-funebres-santilly.com\/wp-content\/uploads\/2019\/12\/Pompes-Funebres-Santilly-Funerarium-a\u0300-Pantin_03-300x200.jpg 300w, https:\/\/www.pompes-funebres-santilly.com\/wp-content\/uploads\/2019\/12\/Pompes-Funebres-Santilly-Funerarium-a\u0300-Pantin_03-768x513.jpg 768w, https:\/\/www.pompes-funebres-santilly.com\/wp-content\/uploads\/2019\/12\/Pompes-Funebres-Santilly-Funerarium-a\u0300-Pantin_03-1536x1025.jpg 1536w, https:\/\/www.pompes-funebres-santilly.com\/wp-content\/uploads\/2019\/12\/Pompes-Funebres-Santilly-Funerarium-a\u0300-Pantin_03.jpg 2048w\" sizes=\"(max-width: 1024px) 100vw, 1024px\" \/><\/figure><\/li><\/ul><\/figure>\n\n\n\n<figure class=\"wp-block-gallery columns-3 is-cropped wp-block-gallery-2 is-layout-flex wp-block-gallery-is-layout-flex\"><ul class=\"blocks-gallery-grid\"><li class=\"blocks-gallery-item\"><figure><img decoding=\"async\" width=\"1024\" height=\"1024\" src=\"https:\/\/www.pompes-funebres-santilly.com\/wp-content\/uploads\/2020\/12\/Fontaine-1-1024x1024.jpg\" alt=\"\" data-id=\"27096\" data-full-url=\"https:\/\/www.pompes-funebres-santilly.com\/wp-content\/uploads\/2020\/12\/Fontaine-1-scaled.jpg\" data-link=\"https:\/\/www.pompes-funebres-santilly.com\/?attachment_id=27096\" class=\"wp-image-27096\" srcset=\"https:\/\/www.pompes-funebres-santilly.com\/wp-content\/uploads\/2020\/12\/Fontaine-1-1024x1024.jpg 1024w, https:\/\/www.pompes-funebres-santilly.com\/wp-content\/uploads\/2020\/12\/Fontaine-1-300x300.jpg 300w, https:\/\/www.pompes-funebres-santilly.com\/wp-content\/uploads\/2020\/12\/Fontaine-1-150x150.jpg 150w, https:\/\/www.pompes-funebres-santilly.com\/wp-content\/uploads\/2020\/12\/Fontaine-1-768x768.jpg 768w, https:\/\/www.pompes-funebres-santilly.com\/wp-content\/uploads\/2020\/12\/Fontaine-1-1536x1536.jpg 1536w, https:\/\/www.pompes-funebres-santilly.com\/wp-content\/uploads\/2020\/12\/Fontaine-1-2048x2048.jpg 2048w, https:\/\/www.pompes-funebres-santilly.com\/wp-content\/uploads\/2020\/12\/Fontaine-1-80x80.jpg 80w, https:\/\/www.pompes-funebres-santilly.com\/wp-content\/uploads\/2020\/12\/Fontaine-1-scaled-60x60.jpg 60w\" sizes=\"(max-width: 1024px) 100vw, 1024px\" \/><\/figure><\/li><li class=\"blocks-gallery-item\"><figure><img decoding=\"async\" width=\"1024\" height=\"1024\" src=\"https:\/\/www.pompes-funebres-santilly.com\/wp-content\/uploads\/2020\/12\/IMG_8834-1024x1024.jpg\" alt=\"\" data-id=\"27099\" data-full-url=\"https:\/\/www.pompes-funebres-santilly.com\/wp-content\/uploads\/2020\/12\/IMG_8834-scaled.jpg\" data-link=\"https:\/\/www.pompes-funebres-santilly.com\/?attachment_id=27099\" class=\"wp-image-27099\" srcset=\"https:\/\/www.pompes-funebres-santilly.com\/wp-content\/uploads\/2020\/12\/IMG_8834-1024x1024.jpg 1024w, https:\/\/www.pompes-funebres-santilly.com\/wp-content\/uploads\/2020\/12\/IMG_8834-300x300.jpg 300w, https:\/\/www.pompes-funebres-santilly.com\/wp-content\/uploads\/2020\/12\/IMG_8834-150x150.jpg 150w, https:\/\/www.pompes-funebres-santilly.com\/wp-content\/uploads\/2020\/12\/IMG_8834-768x768.jpg 768w, https:\/\/www.pompes-funebres-santilly.com\/wp-content\/uploads\/2020\/12\/IMG_8834-1536x1536.jpg 1536w, https:\/\/www.pompes-funebres-santilly.com\/wp-content\/uploads\/2020\/12\/IMG_8834-2048x2048.jpg 2048w, https:\/\/www.pompes-funebres-santilly.com\/wp-content\/uploads\/2020\/12\/IMG_8834-80x80.jpg 80w, https:\/\/www.pompes-funebres-santilly.com\/wp-content\/uploads\/2020\/12\/IMG_8834-scaled-60x60.jpg 60w\" sizes=\"(max-width: 1024px) 100vw, 1024px\" \/><\/figure><\/li><li class=\"blocks-gallery-item\"><figure><img decoding=\"async\" width=\"1024\" height=\"1024\" src=\"https:\/\/www.pompes-funebres-santilly.com\/wp-content\/uploads\/2020\/12\/P_01-1024x1024.jpg\" alt=\"\" data-id=\"27102\" data-full-url=\"https:\/\/www.pompes-funebres-santilly.com\/wp-content\/uploads\/2020\/12\/P_01.jpg\" data-link=\"https:\/\/www.pompes-funebres-santilly.com\/?attachment_id=27102\" class=\"wp-image-27102\" srcset=\"https:\/\/www.pompes-funebres-santilly.com\/wp-content\/uploads\/2020\/12\/P_01-1024x1024.jpg 1024w, https:\/\/www.pompes-funebres-santilly.com\/wp-content\/uploads\/2020\/12\/P_01-300x300.jpg 300w, https:\/\/www.pompes-funebres-santilly.com\/wp-content\/uploads\/2020\/12\/P_01-150x150.jpg 150w, https:\/\/www.pompes-funebres-santilly.com\/wp-content\/uploads\/2020\/12\/P_01-768x768.jpg 768w, https:\/\/www.pompes-funebres-santilly.com\/wp-content\/uploads\/2020\/12\/P_01-1536x1536.jpg 1536w, https:\/\/www.pompes-funebres-santilly.com\/wp-content\/uploads\/2020\/12\/P_01-80x80.jpg 80w, https:\/\/www.pompes-funebres-santilly.com\/wp-content\/uploads\/2020\/12\/P_01-60x60.jpg 60w, https:\/\/www.pompes-funebres-santilly.com\/wp-content\/uploads\/2020\/12\/P_01.jpg 1968w\" sizes=\"(max-width: 1024px) 100vw, 1024px\" \/><\/figure><\/li><\/ul><\/figure>\n\n\n\n<p>C\u2019est pour offrir \u00e0 tout un chacun le cadre adapt\u00e9 \u00e0 ces circonstances si particuli\u00e8res que les \u00c9tablissements Santilly ont souhait\u00e9 effectuer des travaux dans ce qui fut le <a href=\"https:\/\/www.pompes-funebres-santilly.com\/fr\/nos-agences\/funerarium-pantin\/\">premier fun\u00e9rarium de l\u2019enseigne<\/a>. Sur le site de <strong><a href=\"https:\/\/www.pompes-funebres-santilly.com\/fr\/nos-agences\/pantin\/\">l\u2019agence Santilly de Pantin<\/a><\/strong>, le fun\u00e9rarium enti\u00e8rement red\u00e9cor\u00e9 dispose de trois salons de pr\u00e9sentation. Tous les espaces sont climatis\u00e9s et ont \u00e9t\u00e9 am\u00e9nag\u00e9s avec beaucoup d\u2019\u00e9l\u00e9gance et une tr\u00e8s grande sobri\u00e9t\u00e9 pour inviter les visiteurs \u00e0 se recueillir et \u00e9changer si besoin dans un environnement serein. Le salon de pr\u00e9sentation est \u00e9quip\u00e9 d\u2019une sonorisation qui permet, si la famille le souhaite, de diffuser une bande musicale en accord avec la solennit\u00e9 des lieux. Ajouter \u00e0 ces instants un accompagnement musical soigneusement choisi peut s\u2019av\u00e9rer \u00eatre une belle attention en m\u00eame temps qu\u2019un pr\u00e9cieux r\u00e9confort. Rappelons qu\u2019une admission en <strong>chambre fun\u00e9raire<\/strong> se fait \u00e0 toute heure du jour et de la nuit. A noter, un parking priv\u00e9 permet de s\u2019y rendre en voiture avec l\u2019assurance de trouver ais\u00e9ment une place. Les visites sont programm\u00e9es du lundi au samedi de 8H30 \u00e0 18H avec une heure de fermeture le midi entre 12H30 et 13H30.<\/p>\n\n\n\n<figure class=\"wp-block-gallery columns-2 is-cropped wp-block-gallery-3 is-layout-flex wp-block-gallery-is-layout-flex\"><ul class=\"blocks-gallery-grid\"><li class=\"blocks-gallery-item\"><figure><img decoding=\"async\" src=\"https:\/\/www.pompes-funebres-santilly.com\/wp-content\/uploads\/2020\/12\/Funerarium-de-Pantin-scaled-1024x768.jpg\" alt=\"\" data-id=\"27105\" data-full-url=\"https:\/\/www.pompes-funebres-santilly.com\/wp-content\/uploads\/2020\/12\/Funerarium-de-Pantin-scaled.jpg\" data-link=\"https:\/\/www.pompes-funebres-santilly.com\/?attachment_id=27105\" class=\"wp-image-27105\"\/><\/figure><\/li><li class=\"blocks-gallery-item\"><figure><img decoding=\"async\" width=\"1024\" height=\"582\" src=\"https:\/\/www.pompes-funebres-santilly.com\/wp-content\/uploads\/2020\/12\/FUNERARIUM_PANTIN_01-1-1024x582.jpg\" alt=\"\" data-id=\"27108\" data-full-url=\"https:\/\/www.pompes-funebres-santilly.com\/wp-content\/uploads\/2020\/12\/FUNERARIUM_PANTIN_01-1.jpg\" data-link=\"https:\/\/www.pompes-funebres-santilly.com\/?attachment_id=27108\" class=\"wp-image-27108\" srcset=\"https:\/\/www.pompes-funebres-santilly.com\/wp-content\/uploads\/2020\/12\/FUNERARIUM_PANTIN_01-1-1024x582.jpg 1024w, https:\/\/www.pompes-funebres-santilly.com\/wp-content\/uploads\/2020\/12\/FUNERARIUM_PANTIN_01-1-300x170.jpg 300w, https:\/\/www.pompes-funebres-santilly.com\/wp-content\/uploads\/2020\/12\/FUNERARIUM_PANTIN_01-1-768x436.jpg 768w, https:\/\/www.pompes-funebres-santilly.com\/wp-content\/uploads\/2020\/12\/FUNERARIUM_PANTIN_01-1-1536x872.jpg 1536w, https:\/\/www.pompes-funebres-santilly.com\/wp-content\/uploads\/2020\/12\/FUNERARIUM_PANTIN_01-1.jpg 2000w\" sizes=\"(max-width: 1024px) 100vw, 1024px\" \/><\/figure><\/li><\/ul><\/figure>\n","protected":false},"excerpt":{"rendered":"<p>Les derniers moments que l\u2019on passe aupr\u00e8s d\u2019un proche d\u00e9funt sont pr\u00e9cieux. Ils sont l\u2019occasion de dire un dernier au revoir et de lui rendre hommage dans un moment intense de recueillement (&#8230;)<\/p>\n","protected":false},"author":3,"featured_media":25262,"comment_status":"closed","ping_status":"closed","sticky":false,"template":"","format":"standard","meta":{"_acf_changed":false,"footnotes":""},"categories":[371],"tags":[],"class_list":["post-27089","post","type-post","status-publish","format-standard","has-post-thumbnail","hentry","category-agences"],"acf":false,"yoast_head":"<!-- This site is optimized with the Yoast SEO plugin v26.5 - https:\/\/yoast.com\/wordpress\/plugins\/seo\/ -->\n<title>Un nouveau d\u00e9cor pour le fun\u00e9rarium de Pantin - Pompes Fun\u00e8bres Santilly<\/title>\n<meta name=\"description\" content=\"Les derniers moments que l\u2019on passe aupr\u00e8s d\u2019un proche d\u00e9funt sont pr\u00e9cieux. Ils sont l\u2019occasion de dire un dernier au revoir et de lui rendre hommage dans un moment intense de recueillement (...)\" \/>\n<meta name=\"robots\" content=\"index, follow, max-snippet:-1, max-image-preview:large, max-video-preview:-1\" \/>\n<link rel=\"canonical\" href=\"https:\/\/www.pompes-funebres-santilly.com\/fr\/2020\/12\/28\/un-nouveau-decor-pour-le-funerarium-de-pantin\/\" \/>\n<meta property=\"og:locale\" content=\"fr_FR\" \/>\n<meta property=\"og:type\" content=\"article\" \/>\n<meta property=\"og:title\" content=\"Un nouveau d\u00e9cor pour le fun\u00e9rarium de Pantin - Pompes Fun\u00e8bres Santilly\" \/>\n<meta property=\"og:description\" content=\"Les derniers moments que l\u2019on passe aupr\u00e8s d\u2019un proche d\u00e9funt sont pr\u00e9cieux. Ils sont l\u2019occasion de dire un dernier au revoir et de lui rendre hommage dans un moment intense de recueillement (...)\" \/>\n<meta property=\"og:url\" content=\"https:\/\/www.pompes-funebres-santilly.com\/fr\/2020\/12\/28\/un-nouveau-decor-pour-le-funerarium-de-pantin\/\" \/>\n<meta property=\"og:site_name\" content=\"Pompes Fun\u00e8bres Santilly\" \/>\n<meta property=\"article:published_time\" content=\"2020-12-28T10:04:11+00:00\" \/>\n<meta property=\"article:modified_time\" content=\"2020-12-28T10:14:54+00:00\" \/>\n<meta property=\"og:image\" content=\"https:\/\/www.pompes-funebres-santilly.com\/wp-content\/uploads\/2020\/10\/IMG_3776-scaled.jpg\" \/>\n\t<meta property=\"og:image:width\" content=\"2560\" \/>\n\t<meta property=\"og:image:height\" content=\"1920\" \/>\n\t<meta property=\"og:image:type\" content=\"image\/jpeg\" \/>\n<meta name=\"author\" content=\"Santilly\" \/>\n<meta name=\"twitter:card\" content=\"summary_large_image\" \/>\n<meta name=\"twitter:label1\" content=\"\u00c9crit par\" \/>\n\t<meta name=\"twitter:data1\" content=\"Santilly\" \/>\n\t<meta name=\"twitter:label2\" content=\"Dur\u00e9e de lecture est.\" \/>\n\t<meta name=\"twitter:data2\" content=\"1 minute\" \/>\n<script type=\"application\/ld+json\" class=\"yoast-schema-graph\">{\"@context\":\"https:\/\/schema.org\",\"@graph\":[{\"@type\":\"Article\",\"@id\":\"https:\/\/www.pompes-funebres-santilly.com\/fr\/2020\/12\/28\/un-nouveau-decor-pour-le-funerarium-de-pantin\/#article\",\"isPartOf\":{\"@id\":\"https:\/\/www.pompes-funebres-santilly.com\/fr\/2020\/12\/28\/un-nouveau-decor-pour-le-funerarium-de-pantin\/\"},\"author\":{\"name\":\"Santilly\",\"@id\":\"https:\/\/www.pompes-funebres-santilly.com\/fr\/#\/schema\/person\/3020f1c0bd1feb0868115366fb31cc95\"},\"headline\":\"Un nouveau d\u00e9cor pour le fun\u00e9rarium de Pantin\",\"datePublished\":\"2020-12-28T10:04:11+00:00\",\"dateModified\":\"2020-12-28T10:14:54+00:00\",\"mainEntityOfPage\":{\"@id\":\"https:\/\/www.pompes-funebres-santilly.com\/fr\/2020\/12\/28\/un-nouveau-decor-pour-le-funerarium-de-pantin\/\"},\"wordCount\":269,\"publisher\":{\"@id\":\"https:\/\/www.pompes-funebres-santilly.com\/fr\/#organization\"},\"image\":{\"@id\":\"https:\/\/www.pompes-funebres-santilly.com\/fr\/2020\/12\/28\/un-nouveau-decor-pour-le-funerarium-de-pantin\/#primaryimage\"},\"thumbnailUrl\":\"https:\/\/www.pompes-funebres-santilly.com\/wp-content\/uploads\/2020\/10\/IMG_3776-scaled.jpg\",\"articleSection\":[\"Agences\"],\"inLanguage\":\"fr-FR\"},{\"@type\":\"WebPage\",\"@id\":\"https:\/\/www.pompes-funebres-santilly.com\/fr\/2020\/12\/28\/un-nouveau-decor-pour-le-funerarium-de-pantin\/\",\"url\":\"https:\/\/www.pompes-funebres-santilly.com\/fr\/2020\/12\/28\/un-nouveau-decor-pour-le-funerarium-de-pantin\/\",\"name\":\"Un nouveau d\u00e9cor pour le fun\u00e9rarium de Pantin - Pompes Fun\u00e8bres Santilly\",\"isPartOf\":{\"@id\":\"https:\/\/www.pompes-funebres-santilly.com\/fr\/#website\"},\"primaryImageOfPage\":{\"@id\":\"https:\/\/www.pompes-funebres-santilly.com\/fr\/2020\/12\/28\/un-nouveau-decor-pour-le-funerarium-de-pantin\/#primaryimage\"},\"image\":{\"@id\":\"https:\/\/www.pompes-funebres-santilly.com\/fr\/2020\/12\/28\/un-nouveau-decor-pour-le-funerarium-de-pantin\/#primaryimage\"},\"thumbnailUrl\":\"https:\/\/www.pompes-funebres-santilly.com\/wp-content\/uploads\/2020\/10\/IMG_3776-scaled.jpg\",\"datePublished\":\"2020-12-28T10:04:11+00:00\",\"dateModified\":\"2020-12-28T10:14:54+00:00\",\"description\":\"Les derniers moments que l\u2019on passe aupr\u00e8s d\u2019un proche d\u00e9funt sont pr\u00e9cieux. Ils sont l\u2019occasion de dire un dernier au revoir et de lui rendre hommage dans un moment intense de recueillement (...)\",\"breadcrumb\":{\"@id\":\"https:\/\/www.pompes-funebres-santilly.com\/fr\/2020\/12\/28\/un-nouveau-decor-pour-le-funerarium-de-pantin\/#breadcrumb\"},\"inLanguage\":\"fr-FR\",\"potentialAction\":[{\"@type\":\"ReadAction\",\"target\":[\"https:\/\/www.pompes-funebres-santilly.com\/fr\/2020\/12\/28\/un-nouveau-decor-pour-le-funerarium-de-pantin\/\"]}]},{\"@type\":\"ImageObject\",\"inLanguage\":\"fr-FR\",\"@id\":\"https:\/\/www.pompes-funebres-santilly.com\/fr\/2020\/12\/28\/un-nouveau-decor-pour-le-funerarium-de-pantin\/#primaryimage\",\"url\":\"https:\/\/www.pompes-funebres-santilly.com\/wp-content\/uploads\/2020\/10\/IMG_3776-scaled.jpg\",\"contentUrl\":\"https:\/\/www.pompes-funebres-santilly.com\/wp-content\/uploads\/2020\/10\/IMG_3776-scaled.jpg\",\"width\":2560,\"height\":1920,\"caption\":\"Pompes Fun\u00e8bres Santilly, Funerarium de Pantin\"},{\"@type\":\"BreadcrumbList\",\"@id\":\"https:\/\/www.pompes-funebres-santilly.com\/fr\/2020\/12\/28\/un-nouveau-decor-pour-le-funerarium-de-pantin\/#breadcrumb\",\"itemListElement\":[{\"@type\":\"ListItem\",\"position\":1,\"name\":\"Accueil\",\"item\":\"https:\/\/www.pompes-funebres-santilly.com\/fr\/\"},{\"@type\":\"ListItem\",\"position\":2,\"name\":\"Un nouveau d\u00e9cor pour le fun\u00e9rarium de Pantin\"}]},{\"@type\":\"WebSite\",\"@id\":\"https:\/\/www.pompes-funebres-santilly.com\/fr\/#website\",\"url\":\"https:\/\/www.pompes-funebres-santilly.com\/fr\/\",\"name\":\"Pompes Fun\u00e8bres Santilly\",\"description\":\"\",\"publisher\":{\"@id\":\"https:\/\/www.pompes-funebres-santilly.com\/fr\/#organization\"},\"potentialAction\":[{\"@type\":\"SearchAction\",\"target\":{\"@type\":\"EntryPoint\",\"urlTemplate\":\"https:\/\/www.pompes-funebres-santilly.com\/fr\/?s={search_term_string}\"},\"query-input\":{\"@type\":\"PropertyValueSpecification\",\"valueRequired\":true,\"valueName\":\"search_term_string\"}}],\"inLanguage\":\"fr-FR\"},{\"@type\":\"Organization\",\"@id\":\"https:\/\/www.pompes-funebres-santilly.com\/fr\/#organization\",\"name\":\"LCF Santilly\",\"url\":\"https:\/\/www.pompes-funebres-santilly.com\/fr\/\",\"logo\":{\"@type\":\"ImageObject\",\"inLanguage\":\"fr-FR\",\"@id\":\"https:\/\/www.pompes-funebres-santilly.com\/fr\/#\/schema\/logo\/image\/\",\"url\":\"https:\/\/www.pompes-funebres-santilly.com\/wp-content\/uploads\/2019\/12\/logo-1.png\",\"contentUrl\":\"https:\/\/www.pompes-funebres-santilly.com\/wp-content\/uploads\/2019\/12\/logo-1.png\",\"width\":433,\"height\":115,\"caption\":\"LCF Santilly\"},\"image\":{\"@id\":\"https:\/\/www.pompes-funebres-santilly.com\/fr\/#\/schema\/logo\/image\/\"}},{\"@type\":\"Person\",\"@id\":\"https:\/\/www.pompes-funebres-santilly.com\/fr\/#\/schema\/person\/3020f1c0bd1feb0868115366fb31cc95\",\"name\":\"Santilly\",\"image\":{\"@type\":\"ImageObject\",\"inLanguage\":\"fr-FR\",\"@id\":\"https:\/\/www.pompes-funebres-santilly.com\/fr\/#\/schema\/person\/image\/\",\"url\":\"https:\/\/secure.gravatar.com\/avatar\/d08e8b9ec21a434951053c5533e88ebcb4c108593887fce4d87fda56ac806b28?s=96&d=mm&r=g\",\"contentUrl\":\"https:\/\/secure.gravatar.com\/avatar\/d08e8b9ec21a434951053c5533e88ebcb4c108593887fce4d87fda56ac806b28?s=96&d=mm&r=g\",\"caption\":\"Santilly\"}}]}<\/script>\n<!-- \/ Yoast SEO plugin. -->","yoast_head_json":{"title":"Un nouveau d\u00e9cor pour le fun\u00e9rarium de Pantin - Pompes Fun\u00e8bres Santilly","description":"Les derniers moments que l\u2019on passe aupr\u00e8s d\u2019un proche d\u00e9funt sont pr\u00e9cieux. Ils sont l\u2019occasion de dire un dernier au revoir et de lui rendre hommage dans un moment intense de recueillement (...)","robots":{"index":"index","follow":"follow","max-snippet":"max-snippet:-1","max-image-preview":"max-image-preview:large","max-video-preview":"max-video-preview:-1"},"canonical":"https:\/\/www.pompes-funebres-santilly.com\/fr\/2020\/12\/28\/un-nouveau-decor-pour-le-funerarium-de-pantin\/","og_locale":"fr_FR","og_type":"article","og_title":"Un nouveau d\u00e9cor pour le fun\u00e9rarium de Pantin - Pompes Fun\u00e8bres Santilly","og_description":"Les derniers moments que l\u2019on passe aupr\u00e8s d\u2019un proche d\u00e9funt sont pr\u00e9cieux. Ils sont l\u2019occasion de dire un dernier au revoir et de lui rendre hommage dans un moment intense de recueillement (...)","og_url":"https:\/\/www.pompes-funebres-santilly.com\/fr\/2020\/12\/28\/un-nouveau-decor-pour-le-funerarium-de-pantin\/","og_site_name":"Pompes Fun\u00e8bres Santilly","article_published_time":"2020-12-28T10:04:11+00:00","article_modified_time":"2020-12-28T10:14:54+00:00","og_image":[{"width":2560,"height":1920,"url":"https:\/\/www.pompes-funebres-santilly.com\/wp-content\/uploads\/2020\/10\/IMG_3776-scaled.jpg","type":"image\/jpeg"}],"author":"Santilly","twitter_card":"summary_large_image","twitter_misc":{"\u00c9crit par":"Santilly","Dur\u00e9e de lecture est.":"1 minute"},"schema":{"@context":"https:\/\/schema.org","@graph":[{"@type":"Article","@id":"https:\/\/www.pompes-funebres-santilly.com\/fr\/2020\/12\/28\/un-nouveau-decor-pour-le-funerarium-de-pantin\/#article","isPartOf":{"@id":"https:\/\/www.pompes-funebres-santilly.com\/fr\/2020\/12\/28\/un-nouveau-decor-pour-le-funerarium-de-pantin\/"},"author":{"name":"Santilly","@id":"https:\/\/www.pompes-funebres-santilly.com\/fr\/#\/schema\/person\/3020f1c0bd1feb0868115366fb31cc95"},"headline":"Un nouveau d\u00e9cor pour le fun\u00e9rarium de Pantin","datePublished":"2020-12-28T10:04:11+00:00","dateModified":"2020-12-28T10:14:54+00:00","mainEntityOfPage":{"@id":"https:\/\/www.pompes-funebres-santilly.com\/fr\/2020\/12\/28\/un-nouveau-decor-pour-le-funerarium-de-pantin\/"},"wordCount":269,"publisher":{"@id":"https:\/\/www.pompes-funebres-santilly.com\/fr\/#organization"},"image":{"@id":"https:\/\/www.pompes-funebres-santilly.com\/fr\/2020\/12\/28\/un-nouveau-decor-pour-le-funerarium-de-pantin\/#primaryimage"},"thumbnailUrl":"https:\/\/www.pompes-funebres-santilly.com\/wp-content\/uploads\/2020\/10\/IMG_3776-scaled.jpg","articleSection":["Agences"],"inLanguage":"fr-FR"},{"@type":"WebPage","@id":"https:\/\/www.pompes-funebres-santilly.com\/fr\/2020\/12\/28\/un-nouveau-decor-pour-le-funerarium-de-pantin\/","url":"https:\/\/www.pompes-funebres-santilly.com\/fr\/2020\/12\/28\/un-nouveau-decor-pour-le-funerarium-de-pantin\/","name":"Un nouveau d\u00e9cor pour le fun\u00e9rarium de Pantin - Pompes Fun\u00e8bres Santilly","isPartOf":{"@id":"https:\/\/www.pompes-funebres-santilly.com\/fr\/#website"},"primaryImageOfPage":{"@id":"https:\/\/www.pompes-funebres-santilly.com\/fr\/2020\/12\/28\/un-nouveau-decor-pour-le-funerarium-de-pantin\/#primaryimage"},"image":{"@id":"https:\/\/www.pompes-funebres-santilly.com\/fr\/2020\/12\/28\/un-nouveau-decor-pour-le-funerarium-de-pantin\/#primaryimage"},"thumbnailUrl":"https:\/\/www.pompes-funebres-santilly.com\/wp-content\/uploads\/2020\/10\/IMG_3776-scaled.jpg","datePublished":"2020-12-28T10:04:11+00:00","dateModified":"2020-12-28T10:14:54+00:00","description":"Les derniers moments que l\u2019on passe aupr\u00e8s d\u2019un proche d\u00e9funt sont pr\u00e9cieux. Ils sont l\u2019occasion de dire un dernier au revoir et de lui rendre hommage dans un moment intense de recueillement (...)","breadcrumb":{"@id":"https:\/\/www.pompes-funebres-santilly.com\/fr\/2020\/12\/28\/un-nouveau-decor-pour-le-funerarium-de-pantin\/#breadcrumb"},"inLanguage":"fr-FR","potentialAction":[{"@type":"ReadAction","target":["https:\/\/www.pompes-funebres-santilly.com\/fr\/2020\/12\/28\/un-nouveau-decor-pour-le-funerarium-de-pantin\/"]}]},{"@type":"ImageObject","inLanguage":"fr-FR","@id":"https:\/\/www.pompes-funebres-santilly.com\/fr\/2020\/12\/28\/un-nouveau-decor-pour-le-funerarium-de-pantin\/#primaryimage","url":"https:\/\/www.pompes-funebres-santilly.com\/wp-content\/uploads\/2020\/10\/IMG_3776-scaled.jpg","contentUrl":"https:\/\/www.pompes-funebres-santilly.com\/wp-content\/uploads\/2020\/10\/IMG_3776-scaled.jpg","width":2560,"height":1920,"caption":"Pompes Fun\u00e8bres Santilly, Funerarium de Pantin"},{"@type":"BreadcrumbList","@id":"https:\/\/www.pompes-funebres-santilly.com\/fr\/2020\/12\/28\/un-nouveau-decor-pour-le-funerarium-de-pantin\/#breadcrumb","itemListElement":[{"@type":"ListItem","position":1,"name":"Accueil","item":"https:\/\/www.pompes-funebres-santilly.com\/fr\/"},{"@type":"ListItem","position":2,"name":"Un nouveau d\u00e9cor pour le fun\u00e9rarium de Pantin"}]},{"@type":"WebSite","@id":"https:\/\/www.pompes-funebres-santilly.com\/fr\/#website","url":"https:\/\/www.pompes-funebres-santilly.com\/fr\/","name":"Pompes Fun\u00e8bres Santilly","description":"","publisher":{"@id":"https:\/\/www.pompes-funebres-santilly.com\/fr\/#organization"},"potentialAction":[{"@type":"SearchAction","target":{"@type":"EntryPoint","urlTemplate":"https:\/\/www.pompes-funebres-santilly.com\/fr\/?s={search_term_string}"},"query-input":{"@type":"PropertyValueSpecification","valueRequired":true,"valueName":"search_term_string"}}],"inLanguage":"fr-FR"},{"@type":"Organization","@id":"https:\/\/www.pompes-funebres-santilly.com\/fr\/#organization","name":"LCF Santilly","url":"https:\/\/www.pompes-funebres-santilly.com\/fr\/","logo":{"@type":"ImageObject","inLanguage":"fr-FR","@id":"https:\/\/www.pompes-funebres-santilly.com\/fr\/#\/schema\/logo\/image\/","url":"https:\/\/www.pompes-funebres-santilly.com\/wp-content\/uploads\/2019\/12\/logo-1.png","contentUrl":"https:\/\/www.pompes-funebres-santilly.com\/wp-content\/uploads\/2019\/12\/logo-1.png","width":433,"height":115,"caption":"LCF Santilly"},"image":{"@id":"https:\/\/www.pompes-funebres-santilly.com\/fr\/#\/schema\/logo\/image\/"}},{"@type":"Person","@id":"https:\/\/www.pompes-funebres-santilly.com\/fr\/#\/schema\/person\/3020f1c0bd1feb0868115366fb31cc95","name":"Santilly","image":{"@type":"ImageObject","inLanguage":"fr-FR","@id":"https:\/\/www.pompes-funebres-santilly.com\/fr\/#\/schema\/person\/image\/","url":"https:\/\/secure.gravatar.com\/avatar\/d08e8b9ec21a434951053c5533e88ebcb4c108593887fce4d87fda56ac806b28?s=96&d=mm&r=g","contentUrl":"https:\/\/secure.gravatar.com\/avatar\/d08e8b9ec21a434951053c5533e88ebcb4c108593887fce4d87fda56ac806b28?s=96&d=mm&r=g","caption":"Santilly"}}]}},"_links":{"self":[{"href":"https:\/\/www.pompes-funebres-santilly.com\/fr\/wp-json\/wp\/v2\/posts\/27089","targetHints":{"allow":["GET"]}}],"collection":[{"href":"https:\/\/www.pompes-funebres-santilly.com\/fr\/wp-json\/wp\/v2\/posts"}],"about":[{"href":"https:\/\/www.pompes-funebres-santilly.com\/fr\/wp-json\/wp\/v2\/types\/post"}],"author":[{"embeddable":true,"href":"https:\/\/www.pompes-funebres-santilly.com\/fr\/wp-json\/wp\/v2\/users\/3"}],"replies":[{"embeddable":true,"href":"https:\/\/www.pompes-funebres-santilly.com\/fr\/wp-json\/wp\/v2\/comments?post=27089"}],"version-history":[{"count":2,"href":"https:\/\/www.pompes-funebres-santilly.com\/fr\/wp-json\/wp\/v2\/posts\/27089\/revisions"}],"predecessor-version":[{"id":27112,"href":"https:\/\/www.pompes-funebres-santilly.com\/fr\/wp-json\/wp\/v2\/posts\/27089\/revisions\/27112"}],"wp:featuredmedia":[{"embeddable":true,"href":"https:\/\/www.pompes-funebres-santilly.com\/fr\/wp-json\/wp\/v2\/media\/25262"}],"wp:attachment":[{"href":"https:\/\/www.pompes-funebres-santilly.com\/fr\/wp-json\/wp\/v2\/media?parent=27089"}],"wp:term":[{"taxonomy":"category","embeddable":true,"href":"https:\/\/www.pompes-funebres-santilly.com\/fr\/wp-json\/wp\/v2\/categories?post=27089"},{"taxonomy":"post_tag","embeddable":true,"href":"https:\/\/www.pompes-funebres-santilly.com\/fr\/wp-json\/wp\/v2\/tags?post=27089"}],"curies":[{"name":"wp","href":"https:\/\/api.w.org\/{rel}","templated":true}]}}