{"id":25731,"date":"2020-10-21T11:33:35","date_gmt":"2020-10-21T09:33:35","guid":{"rendered":"https:\/\/www.pompes-funebres-santilly.com\/?p=25731"},"modified":"2022-12-27T12:17:03","modified_gmt":"2022-12-27T11:17:03","slug":"toussaint-2020-nos-monuments-nont-jamais-ete-aussi-accessibles","status":"publish","type":"post","link":"https:\/\/www.pompes-funebres-santilly.com\/fr\/2020\/10\/21\/toussaint-2020-nos-monuments-nont-jamais-ete-aussi-accessibles\/","title":{"rendered":"Toussaint 2020 Nos monuments n\u2019ont jamais \u00e9t\u00e9 aussi accessibles"},"content":{"rendered":"<p>[vc_row][vc_column][vc_column_text bb_tab_container=\u00a0\u00bb\u00a0\u00bb]<\/p>\n<p><strong>La Toussaint est une p\u00e9riode \u00e0 part pendant laquelle nous avons une pens\u00e9e toute particuli\u00e8re pour nos chers disparus. C\u2019est pour marquer ces temps fort que les Etablissements Santilly proposent une s\u00e9lection de monuments fun\u00e9raires a des tarifs pr\u00e9f\u00e9rentiels.<\/strong><\/p>\n\n\n<figure class=\"wp-block-gallery columns-3 is-cropped wp-block-gallery-1 is-layout-flex wp-block-gallery-is-layout-flex\">\n<ul class=\"blocks-gallery-grid\">\n<li class=\"blocks-gallery-item\">\n<figure><img decoding=\"async\" width=\"1024\" height=\"626\" class=\"wp-image-25735\" src=\"https:\/\/www.pompes-funebres-santilly.com\/wp-content\/uploads\/2020\/10\/CFM-1024x626.jpg\" alt=\"\" data-id=\"25735\" data-full-url=\"https:\/\/www.pompes-funebres-santilly.com\/wp-content\/uploads\/2020\/10\/CFM.jpg\" data-link=\"https:\/\/www.pompes-funebres-santilly.com\/?attachment_id=25735\" srcset=\"https:\/\/www.pompes-funebres-santilly.com\/wp-content\/uploads\/2020\/10\/CFM-1024x626.jpg 1024w, https:\/\/www.pompes-funebres-santilly.com\/wp-content\/uploads\/2020\/10\/CFM-300x183.jpg 300w, https:\/\/www.pompes-funebres-santilly.com\/wp-content\/uploads\/2020\/10\/CFM-768x469.jpg 768w, https:\/\/www.pompes-funebres-santilly.com\/wp-content\/uploads\/2020\/10\/CFM-1536x938.jpg 1536w, https:\/\/www.pompes-funebres-santilly.com\/wp-content\/uploads\/2020\/10\/CFM-2048x1251.jpg 2048w\" sizes=\"(max-width: 1024px) 100vw, 1024px\" \/><\/figure>\n<\/li>\n<li class=\"blocks-gallery-item\">\n<figure><img decoding=\"async\" width=\"1024\" height=\"626\" class=\"wp-image-25733\" src=\"https:\/\/www.pompes-funebres-santilly.com\/wp-content\/uploads\/2020\/10\/AP27-1024x626.jpg\" alt=\"\" data-id=\"25733\" data-full-url=\"https:\/\/www.pompes-funebres-santilly.com\/wp-content\/uploads\/2020\/10\/AP27.jpg\" data-link=\"https:\/\/www.pompes-funebres-santilly.com\/?attachment_id=25733\" srcset=\"https:\/\/www.pompes-funebres-santilly.com\/wp-content\/uploads\/2020\/10\/AP27-1024x626.jpg 1024w, https:\/\/www.pompes-funebres-santilly.com\/wp-content\/uploads\/2020\/10\/AP27-300x183.jpg 300w, https:\/\/www.pompes-funebres-santilly.com\/wp-content\/uploads\/2020\/10\/AP27-768x469.jpg 768w, https:\/\/www.pompes-funebres-santilly.com\/wp-content\/uploads\/2020\/10\/AP27-1536x938.jpg 1536w, https:\/\/www.pompes-funebres-santilly.com\/wp-content\/uploads\/2020\/10\/AP27-2048x1251.jpg 2048w\" sizes=\"(max-width: 1024px) 100vw, 1024px\" \/><\/figure>\n<\/li>\n<li class=\"blocks-gallery-item\">\n<figure><img decoding=\"async\" width=\"1024\" height=\"626\" class=\"wp-image-25734\" src=\"https:\/\/www.pompes-funebres-santilly.com\/wp-content\/uploads\/2020\/10\/BS-1024x626.jpg\" alt=\"\" data-id=\"25734\" data-full-url=\"https:\/\/www.pompes-funebres-santilly.com\/wp-content\/uploads\/2020\/10\/BS.jpg\" data-link=\"https:\/\/www.pompes-funebres-santilly.com\/?attachment_id=25734\" srcset=\"https:\/\/www.pompes-funebres-santilly.com\/wp-content\/uploads\/2020\/10\/BS-1024x626.jpg 1024w, https:\/\/www.pompes-funebres-santilly.com\/wp-content\/uploads\/2020\/10\/BS-300x183.jpg 300w, https:\/\/www.pompes-funebres-santilly.com\/wp-content\/uploads\/2020\/10\/BS-768x469.jpg 768w, https:\/\/www.pompes-funebres-santilly.com\/wp-content\/uploads\/2020\/10\/BS-1536x938.jpg 1536w, https:\/\/www.pompes-funebres-santilly.com\/wp-content\/uploads\/2020\/10\/BS-2048x1251.jpg 2048w\" sizes=\"(max-width: 1024px) 100vw, 1024px\" \/><\/figure>\n<\/li>\n<li class=\"blocks-gallery-item\">\n<figure><img decoding=\"async\" width=\"1024\" height=\"626\" class=\"wp-image-25737\" src=\"https:\/\/www.pompes-funebres-santilly.com\/wp-content\/uploads\/2020\/10\/RESSAC-1024x626.jpg\" alt=\"\" data-id=\"25737\" data-full-url=\"https:\/\/www.pompes-funebres-santilly.com\/wp-content\/uploads\/2020\/10\/RESSAC.jpg\" data-link=\"https:\/\/www.pompes-funebres-santilly.com\/?attachment_id=25737\" srcset=\"https:\/\/www.pompes-funebres-santilly.com\/wp-content\/uploads\/2020\/10\/RESSAC-1024x626.jpg 1024w, https:\/\/www.pompes-funebres-santilly.com\/wp-content\/uploads\/2020\/10\/RESSAC-300x183.jpg 300w, https:\/\/www.pompes-funebres-santilly.com\/wp-content\/uploads\/2020\/10\/RESSAC-768x469.jpg 768w, https:\/\/www.pompes-funebres-santilly.com\/wp-content\/uploads\/2020\/10\/RESSAC-1536x938.jpg 1536w, https:\/\/www.pompes-funebres-santilly.com\/wp-content\/uploads\/2020\/10\/RESSAC-2048x1251.jpg 2048w\" sizes=\"(max-width: 1024px) 100vw, 1024px\" \/><\/figure>\n<\/li>\n<li class=\"blocks-gallery-item\">\n<figure><img decoding=\"async\" width=\"1024\" height=\"626\" class=\"wp-image-25738\" src=\"https:\/\/www.pompes-funebres-santilly.com\/wp-content\/uploads\/2020\/10\/SEVILLE-1024x626.jpg\" alt=\"\" data-id=\"25738\" data-full-url=\"https:\/\/www.pompes-funebres-santilly.com\/wp-content\/uploads\/2020\/10\/SEVILLE.jpg\" data-link=\"https:\/\/www.pompes-funebres-santilly.com\/?attachment_id=25738\" srcset=\"https:\/\/www.pompes-funebres-santilly.com\/wp-content\/uploads\/2020\/10\/SEVILLE-1024x626.jpg 1024w, https:\/\/www.pompes-funebres-santilly.com\/wp-content\/uploads\/2020\/10\/SEVILLE-300x183.jpg 300w, https:\/\/www.pompes-funebres-santilly.com\/wp-content\/uploads\/2020\/10\/SEVILLE-768x469.jpg 768w, https:\/\/www.pompes-funebres-santilly.com\/wp-content\/uploads\/2020\/10\/SEVILLE-1536x938.jpg 1536w, https:\/\/www.pompes-funebres-santilly.com\/wp-content\/uploads\/2020\/10\/SEVILLE-2048x1251.jpg 2048w\" sizes=\"(max-width: 1024px) 100vw, 1024px\" \/><\/figure>\n<\/li>\n<li class=\"blocks-gallery-item\">\n<figure><img decoding=\"async\" width=\"1024\" height=\"626\" class=\"wp-image-25736\" src=\"https:\/\/www.pompes-funebres-santilly.com\/wp-content\/uploads\/2020\/10\/ODALIA-JARDINOIERE-1024x626.jpg\" alt=\"\" data-id=\"25736\" data-full-url=\"https:\/\/www.pompes-funebres-santilly.com\/wp-content\/uploads\/2020\/10\/ODALIA-JARDINOIERE.jpg\" data-link=\"https:\/\/www.pompes-funebres-santilly.com\/?attachment_id=25736\" srcset=\"https:\/\/www.pompes-funebres-santilly.com\/wp-content\/uploads\/2020\/10\/ODALIA-JARDINOIERE-1024x626.jpg 1024w, https:\/\/www.pompes-funebres-santilly.com\/wp-content\/uploads\/2020\/10\/ODALIA-JARDINOIERE-300x183.jpg 300w, https:\/\/www.pompes-funebres-santilly.com\/wp-content\/uploads\/2020\/10\/ODALIA-JARDINOIERE-768x469.jpg 768w, https:\/\/www.pompes-funebres-santilly.com\/wp-content\/uploads\/2020\/10\/ODALIA-JARDINOIERE-1536x938.jpg 1536w, https:\/\/www.pompes-funebres-santilly.com\/wp-content\/uploads\/2020\/10\/ODALIA-JARDINOIERE-2048x1251.jpg 2048w, https:\/\/www.pompes-funebres-santilly.com\/wp-content\/uploads\/2020\/10\/ODALIA-JARDINOIERE-600x367.jpg 600w\" sizes=\"(max-width: 1024px) 100vw, 1024px\" \/><\/figure>\n<\/li>\n<\/ul>\n<\/figure>\n\n<p>On pense souvent que la Toussaint c\u2019est la f\u00eate des morts au cours de laquelle on va fleurir les tombes. Or pour \u00eatre totalement exact, la f\u00eate des morts, c\u2019est le lendemain de la Toussaint. Ce jour sp\u00e9cial, nous sommes tous appel\u00e9s \u00e0 comm\u00e9morer les personnes disparues qui font partie de nos familles, de nos amis et de tous ceux qui nous sont proches. On se souvient de ceux qui nous manquent tant et on symbolise cette pens\u00e9e en allant fleurir les cimeti\u00e8res qui retrouvent, \u00e0 l\u2019occasion, des couleurs lumineuses. Pour accompagner cette p\u00e9riode si particuli\u00e8re, les Etablissements Santilly proposent une s\u00e9lection de 10 monuments sur lesquels est propos\u00e9e une remise exceptionnelle pouvant d\u00e9passer 20% du prix d\u2019origine. Ce sont de tr\u00e8s beaux monuments, de fabrication fran\u00e7aise ex\u00e9cut\u00e9s dans la grande tradition du savoir-faire marbrier, dans des granits soigneusement s\u00e9lectionn\u00e9s. Si vous souhaitez profiter de cette op\u00e9ration promotionnelle, renseignez-vous sans tarder aupr\u00e8s de votre agence Santilly la plus proche. Cette offre n\u2019est valable que jusqu\u2019au 30 novembre 2020, et dans la limite des stocks disponibles.<\/p>\n\n\n<figure class=\"wp-block-gallery columns-3 is-cropped wp-block-gallery-2 is-layout-flex wp-block-gallery-is-layout-flex\">\n<ul class=\"blocks-gallery-grid\">\n<li class=\"blocks-gallery-item\">\n<figure><img decoding=\"async\" width=\"1024\" height=\"626\" class=\"wp-image-25739\" src=\"https:\/\/www.pompes-funebres-santilly.com\/wp-content\/uploads\/2020\/10\/AP14-1024x626.jpg\" alt=\"\" data-id=\"25739\" data-full-url=\"https:\/\/www.pompes-funebres-santilly.com\/wp-content\/uploads\/2020\/10\/AP14.jpg\" data-link=\"https:\/\/www.pompes-funebres-santilly.com\/?attachment_id=25739\" srcset=\"https:\/\/www.pompes-funebres-santilly.com\/wp-content\/uploads\/2020\/10\/AP14-1024x626.jpg 1024w, https:\/\/www.pompes-funebres-santilly.com\/wp-content\/uploads\/2020\/10\/AP14-300x183.jpg 300w, https:\/\/www.pompes-funebres-santilly.com\/wp-content\/uploads\/2020\/10\/AP14-768x469.jpg 768w, https:\/\/www.pompes-funebres-santilly.com\/wp-content\/uploads\/2020\/10\/AP14-1536x938.jpg 1536w, https:\/\/www.pompes-funebres-santilly.com\/wp-content\/uploads\/2020\/10\/AP14-2048x1251.jpg 2048w\" sizes=\"(max-width: 1024px) 100vw, 1024px\" \/><\/figure>\n<\/li>\n<li class=\"blocks-gallery-item\">\n<figure><img decoding=\"async\" width=\"1024\" height=\"626\" class=\"wp-image-25740\" src=\"https:\/\/www.pompes-funebres-santilly.com\/wp-content\/uploads\/2020\/10\/BARIS-1024x626.jpg\" alt=\"\" data-id=\"25740\" data-full-url=\"https:\/\/www.pompes-funebres-santilly.com\/wp-content\/uploads\/2020\/10\/BARIS.jpg\" data-link=\"https:\/\/www.pompes-funebres-santilly.com\/?attachment_id=25740\" srcset=\"https:\/\/www.pompes-funebres-santilly.com\/wp-content\/uploads\/2020\/10\/BARIS-1024x626.jpg 1024w, https:\/\/www.pompes-funebres-santilly.com\/wp-content\/uploads\/2020\/10\/BARIS-300x183.jpg 300w, https:\/\/www.pompes-funebres-santilly.com\/wp-content\/uploads\/2020\/10\/BARIS-768x469.jpg 768w, https:\/\/www.pompes-funebres-santilly.com\/wp-content\/uploads\/2020\/10\/BARIS-1536x938.jpg 1536w, https:\/\/www.pompes-funebres-santilly.com\/wp-content\/uploads\/2020\/10\/BARIS-2048x1251.jpg 2048w\" sizes=\"(max-width: 1024px) 100vw, 1024px\" \/><\/figure>\n<\/li>\n<li class=\"blocks-gallery-item\">\n<figure><img decoding=\"async\" width=\"1024\" height=\"626\" class=\"wp-image-25741\" src=\"https:\/\/www.pompes-funebres-santilly.com\/wp-content\/uploads\/2020\/10\/NATEA-1024x626.jpg\" alt=\"\" data-id=\"25741\" data-full-url=\"https:\/\/www.pompes-funebres-santilly.com\/wp-content\/uploads\/2020\/10\/NATEA.jpg\" data-link=\"https:\/\/www.pompes-funebres-santilly.com\/?attachment_id=25741\" srcset=\"https:\/\/www.pompes-funebres-santilly.com\/wp-content\/uploads\/2020\/10\/NATEA-1024x626.jpg 1024w, https:\/\/www.pompes-funebres-santilly.com\/wp-content\/uploads\/2020\/10\/NATEA-300x183.jpg 300w, https:\/\/www.pompes-funebres-santilly.com\/wp-content\/uploads\/2020\/10\/NATEA-768x469.jpg 768w, https:\/\/www.pompes-funebres-santilly.com\/wp-content\/uploads\/2020\/10\/NATEA-1536x938.jpg 1536w, https:\/\/www.pompes-funebres-santilly.com\/wp-content\/uploads\/2020\/10\/NATEA-2048x1251.jpg 2048w\" sizes=\"(max-width: 1024px) 100vw, 1024px\" \/><\/figure>\n<\/li>\n<\/ul>\n<\/figure>\n\n<p>Retrouvez l\u2019adresse de toutes <a href=\"https:\/\/www.pompes-funebres-santilly.com\/fr\/nos-agences\/\">nos agences.<\/a><\/p>\n\n<p>&nbsp;<\/p>\n<p>[\/vc_column_text][\/vc_column][\/vc_row]<\/p>\n","protected":false},"excerpt":{"rendered":"<p>La Toussaint est une p\u00e9riode \u00e0 part pendant laquelle nous avons une pens\u00e9e toute particuli\u00e8re pour nos chers disparus. C\u2019est pour marquer ces temps fort que les Etablissements Santilly (&#8230;)<\/p>\n","protected":false},"author":3,"featured_media":25021,"comment_status":"closed","ping_status":"closed","sticky":false,"template":"","format":"standard","meta":{"_acf_changed":false,"footnotes":""},"categories":[371],"tags":[],"class_list":["post-25731","post","type-post","status-publish","format-standard","has-post-thumbnail","hentry","category-agences"],"acf":false,"yoast_head":"<!-- This site is optimized with the Yoast SEO plugin v26.5 - https:\/\/yoast.com\/wordpress\/plugins\/seo\/ -->\n<title>Toussaint 2020 Nos monuments n\u2019ont jamais \u00e9t\u00e9 aussi accessibles - Pompes Fun\u00e8bres Santilly<\/title>\n<meta name=\"description\" content=\"La Toussaint est une p\u00e9riode \u00e0 part pendant laquelle nous avons une pens\u00e9e toute particuli\u00e8re pour nos chers disparus. C\u2019est pour marquer ces temps fort que les Etablissements Santilly (...)\" \/>\n<meta name=\"robots\" content=\"index, follow, max-snippet:-1, max-image-preview:large, max-video-preview:-1\" \/>\n<link rel=\"canonical\" href=\"https:\/\/www.pompes-funebres-santilly.com\/fr\/2020\/10\/21\/toussaint-2020-nos-monuments-nont-jamais-ete-aussi-accessibles\/\" \/>\n<meta property=\"og:locale\" content=\"fr_FR\" \/>\n<meta property=\"og:type\" content=\"article\" \/>\n<meta property=\"og:title\" content=\"Toussaint 2020 Nos monuments n\u2019ont jamais \u00e9t\u00e9 aussi accessibles - Pompes Fun\u00e8bres Santilly\" \/>\n<meta property=\"og:description\" content=\"La Toussaint est une p\u00e9riode \u00e0 part pendant laquelle nous avons une pens\u00e9e toute particuli\u00e8re pour nos chers disparus. C\u2019est pour marquer ces temps fort que les Etablissements Santilly (...)\" \/>\n<meta property=\"og:url\" content=\"https:\/\/www.pompes-funebres-santilly.com\/fr\/2020\/10\/21\/toussaint-2020-nos-monuments-nont-jamais-ete-aussi-accessibles\/\" \/>\n<meta property=\"og:site_name\" content=\"Pompes Fun\u00e8bres Santilly\" \/>\n<meta property=\"article:published_time\" content=\"2020-10-21T09:33:35+00:00\" \/>\n<meta property=\"article:modified_time\" content=\"2022-12-27T11:17:03+00:00\" \/>\n<meta property=\"og:image\" content=\"https:\/\/www.pompes-funebres-santilly.com\/wp-content\/uploads\/2020\/09\/TAOUSSAINT-site-web.jpg\" \/>\n\t<meta property=\"og:image:width\" content=\"2048\" \/>\n\t<meta property=\"og:image:height\" content=\"1367\" \/>\n\t<meta property=\"og:image:type\" content=\"image\/jpeg\" \/>\n<meta name=\"author\" content=\"Santilly\" \/>\n<meta name=\"twitter:card\" content=\"summary_large_image\" \/>\n<meta name=\"twitter:label1\" content=\"\u00c9crit par\" \/>\n\t<meta name=\"twitter:data1\" content=\"Santilly\" \/>\n\t<meta name=\"twitter:label2\" content=\"Dur\u00e9e de lecture est.\" \/>\n\t<meta name=\"twitter:data2\" content=\"1 minute\" \/>\n<script type=\"application\/ld+json\" class=\"yoast-schema-graph\">{\"@context\":\"https:\/\/schema.org\",\"@graph\":[{\"@type\":\"Article\",\"@id\":\"https:\/\/www.pompes-funebres-santilly.com\/fr\/2020\/10\/21\/toussaint-2020-nos-monuments-nont-jamais-ete-aussi-accessibles\/#article\",\"isPartOf\":{\"@id\":\"https:\/\/www.pompes-funebres-santilly.com\/fr\/2020\/10\/21\/toussaint-2020-nos-monuments-nont-jamais-ete-aussi-accessibles\/\"},\"author\":{\"name\":\"Santilly\",\"@id\":\"https:\/\/www.pompes-funebres-santilly.com\/fr\/#\/schema\/person\/3020f1c0bd1feb0868115366fb31cc95\"},\"headline\":\"Toussaint 2020 Nos monuments n\u2019ont jamais \u00e9t\u00e9 aussi accessibles\",\"datePublished\":\"2020-10-21T09:33:35+00:00\",\"dateModified\":\"2022-12-27T11:17:03+00:00\",\"mainEntityOfPage\":{\"@id\":\"https:\/\/www.pompes-funebres-santilly.com\/fr\/2020\/10\/21\/toussaint-2020-nos-monuments-nont-jamais-ete-aussi-accessibles\/\"},\"wordCount\":275,\"publisher\":{\"@id\":\"https:\/\/www.pompes-funebres-santilly.com\/fr\/#organization\"},\"image\":{\"@id\":\"https:\/\/www.pompes-funebres-santilly.com\/fr\/2020\/10\/21\/toussaint-2020-nos-monuments-nont-jamais-ete-aussi-accessibles\/#primaryimage\"},\"thumbnailUrl\":\"https:\/\/www.pompes-funebres-santilly.com\/wp-content\/uploads\/2020\/09\/TAOUSSAINT-site-web.jpg\",\"articleSection\":[\"Agences\"],\"inLanguage\":\"fr-FR\"},{\"@type\":\"WebPage\",\"@id\":\"https:\/\/www.pompes-funebres-santilly.com\/fr\/2020\/10\/21\/toussaint-2020-nos-monuments-nont-jamais-ete-aussi-accessibles\/\",\"url\":\"https:\/\/www.pompes-funebres-santilly.com\/fr\/2020\/10\/21\/toussaint-2020-nos-monuments-nont-jamais-ete-aussi-accessibles\/\",\"name\":\"Toussaint 2020 Nos monuments n\u2019ont jamais \u00e9t\u00e9 aussi accessibles - Pompes Fun\u00e8bres Santilly\",\"isPartOf\":{\"@id\":\"https:\/\/www.pompes-funebres-santilly.com\/fr\/#website\"},\"primaryImageOfPage\":{\"@id\":\"https:\/\/www.pompes-funebres-santilly.com\/fr\/2020\/10\/21\/toussaint-2020-nos-monuments-nont-jamais-ete-aussi-accessibles\/#primaryimage\"},\"image\":{\"@id\":\"https:\/\/www.pompes-funebres-santilly.com\/fr\/2020\/10\/21\/toussaint-2020-nos-monuments-nont-jamais-ete-aussi-accessibles\/#primaryimage\"},\"thumbnailUrl\":\"https:\/\/www.pompes-funebres-santilly.com\/wp-content\/uploads\/2020\/09\/TAOUSSAINT-site-web.jpg\",\"datePublished\":\"2020-10-21T09:33:35+00:00\",\"dateModified\":\"2022-12-27T11:17:03+00:00\",\"description\":\"La Toussaint est une p\u00e9riode \u00e0 part pendant laquelle nous avons une pens\u00e9e toute particuli\u00e8re pour nos chers disparus. C\u2019est pour marquer ces temps fort que les Etablissements Santilly (...)\",\"breadcrumb\":{\"@id\":\"https:\/\/www.pompes-funebres-santilly.com\/fr\/2020\/10\/21\/toussaint-2020-nos-monuments-nont-jamais-ete-aussi-accessibles\/#breadcrumb\"},\"inLanguage\":\"fr-FR\",\"potentialAction\":[{\"@type\":\"ReadAction\",\"target\":[\"https:\/\/www.pompes-funebres-santilly.com\/fr\/2020\/10\/21\/toussaint-2020-nos-monuments-nont-jamais-ete-aussi-accessibles\/\"]}]},{\"@type\":\"ImageObject\",\"inLanguage\":\"fr-FR\",\"@id\":\"https:\/\/www.pompes-funebres-santilly.com\/fr\/2020\/10\/21\/toussaint-2020-nos-monuments-nont-jamais-ete-aussi-accessibles\/#primaryimage\",\"url\":\"https:\/\/www.pompes-funebres-santilly.com\/wp-content\/uploads\/2020\/09\/TAOUSSAINT-site-web.jpg\",\"contentUrl\":\"https:\/\/www.pompes-funebres-santilly.com\/wp-content\/uploads\/2020\/09\/TAOUSSAINT-site-web.jpg\",\"width\":2048,\"height\":1367,\"caption\":\"White flowers\"},{\"@type\":\"BreadcrumbList\",\"@id\":\"https:\/\/www.pompes-funebres-santilly.com\/fr\/2020\/10\/21\/toussaint-2020-nos-monuments-nont-jamais-ete-aussi-accessibles\/#breadcrumb\",\"itemListElement\":[{\"@type\":\"ListItem\",\"position\":1,\"name\":\"Accueil\",\"item\":\"https:\/\/www.pompes-funebres-santilly.com\/fr\/\"},{\"@type\":\"ListItem\",\"position\":2,\"name\":\"Toussaint 2020 Nos monuments n\u2019ont jamais \u00e9t\u00e9 aussi accessibles\"}]},{\"@type\":\"WebSite\",\"@id\":\"https:\/\/www.pompes-funebres-santilly.com\/fr\/#website\",\"url\":\"https:\/\/www.pompes-funebres-santilly.com\/fr\/\",\"name\":\"Pompes Fun\u00e8bres Santilly\",\"description\":\"\",\"publisher\":{\"@id\":\"https:\/\/www.pompes-funebres-santilly.com\/fr\/#organization\"},\"potentialAction\":[{\"@type\":\"SearchAction\",\"target\":{\"@type\":\"EntryPoint\",\"urlTemplate\":\"https:\/\/www.pompes-funebres-santilly.com\/fr\/?s={search_term_string}\"},\"query-input\":{\"@type\":\"PropertyValueSpecification\",\"valueRequired\":true,\"valueName\":\"search_term_string\"}}],\"inLanguage\":\"fr-FR\"},{\"@type\":\"Organization\",\"@id\":\"https:\/\/www.pompes-funebres-santilly.com\/fr\/#organization\",\"name\":\"LCF Santilly\",\"url\":\"https:\/\/www.pompes-funebres-santilly.com\/fr\/\",\"logo\":{\"@type\":\"ImageObject\",\"inLanguage\":\"fr-FR\",\"@id\":\"https:\/\/www.pompes-funebres-santilly.com\/fr\/#\/schema\/logo\/image\/\",\"url\":\"https:\/\/www.pompes-funebres-santilly.com\/wp-content\/uploads\/2019\/12\/logo-1.png\",\"contentUrl\":\"https:\/\/www.pompes-funebres-santilly.com\/wp-content\/uploads\/2019\/12\/logo-1.png\",\"width\":433,\"height\":115,\"caption\":\"LCF Santilly\"},\"image\":{\"@id\":\"https:\/\/www.pompes-funebres-santilly.com\/fr\/#\/schema\/logo\/image\/\"}},{\"@type\":\"Person\",\"@id\":\"https:\/\/www.pompes-funebres-santilly.com\/fr\/#\/schema\/person\/3020f1c0bd1feb0868115366fb31cc95\",\"name\":\"Santilly\",\"image\":{\"@type\":\"ImageObject\",\"inLanguage\":\"fr-FR\",\"@id\":\"https:\/\/www.pompes-funebres-santilly.com\/fr\/#\/schema\/person\/image\/\",\"url\":\"https:\/\/secure.gravatar.com\/avatar\/d08e8b9ec21a434951053c5533e88ebcb4c108593887fce4d87fda56ac806b28?s=96&d=mm&r=g\",\"contentUrl\":\"https:\/\/secure.gravatar.com\/avatar\/d08e8b9ec21a434951053c5533e88ebcb4c108593887fce4d87fda56ac806b28?s=96&d=mm&r=g\",\"caption\":\"Santilly\"}}]}<\/script>\n<!-- \/ Yoast SEO plugin. -->","yoast_head_json":{"title":"Toussaint 2020 Nos monuments n\u2019ont jamais \u00e9t\u00e9 aussi accessibles - Pompes Fun\u00e8bres Santilly","description":"La Toussaint est une p\u00e9riode \u00e0 part pendant laquelle nous avons une pens\u00e9e toute particuli\u00e8re pour nos chers disparus. C\u2019est pour marquer ces temps fort que les Etablissements Santilly (...)","robots":{"index":"index","follow":"follow","max-snippet":"max-snippet:-1","max-image-preview":"max-image-preview:large","max-video-preview":"max-video-preview:-1"},"canonical":"https:\/\/www.pompes-funebres-santilly.com\/fr\/2020\/10\/21\/toussaint-2020-nos-monuments-nont-jamais-ete-aussi-accessibles\/","og_locale":"fr_FR","og_type":"article","og_title":"Toussaint 2020 Nos monuments n\u2019ont jamais \u00e9t\u00e9 aussi accessibles - Pompes Fun\u00e8bres Santilly","og_description":"La Toussaint est une p\u00e9riode \u00e0 part pendant laquelle nous avons une pens\u00e9e toute particuli\u00e8re pour nos chers disparus. C\u2019est pour marquer ces temps fort que les Etablissements Santilly (...)","og_url":"https:\/\/www.pompes-funebres-santilly.com\/fr\/2020\/10\/21\/toussaint-2020-nos-monuments-nont-jamais-ete-aussi-accessibles\/","og_site_name":"Pompes Fun\u00e8bres Santilly","article_published_time":"2020-10-21T09:33:35+00:00","article_modified_time":"2022-12-27T11:17:03+00:00","og_image":[{"width":2048,"height":1367,"url":"https:\/\/www.pompes-funebres-santilly.com\/wp-content\/uploads\/2020\/09\/TAOUSSAINT-site-web.jpg","type":"image\/jpeg"}],"author":"Santilly","twitter_card":"summary_large_image","twitter_misc":{"\u00c9crit par":"Santilly","Dur\u00e9e de lecture est.":"1 minute"},"schema":{"@context":"https:\/\/schema.org","@graph":[{"@type":"Article","@id":"https:\/\/www.pompes-funebres-santilly.com\/fr\/2020\/10\/21\/toussaint-2020-nos-monuments-nont-jamais-ete-aussi-accessibles\/#article","isPartOf":{"@id":"https:\/\/www.pompes-funebres-santilly.com\/fr\/2020\/10\/21\/toussaint-2020-nos-monuments-nont-jamais-ete-aussi-accessibles\/"},"author":{"name":"Santilly","@id":"https:\/\/www.pompes-funebres-santilly.com\/fr\/#\/schema\/person\/3020f1c0bd1feb0868115366fb31cc95"},"headline":"Toussaint 2020 Nos monuments n\u2019ont jamais \u00e9t\u00e9 aussi accessibles","datePublished":"2020-10-21T09:33:35+00:00","dateModified":"2022-12-27T11:17:03+00:00","mainEntityOfPage":{"@id":"https:\/\/www.pompes-funebres-santilly.com\/fr\/2020\/10\/21\/toussaint-2020-nos-monuments-nont-jamais-ete-aussi-accessibles\/"},"wordCount":275,"publisher":{"@id":"https:\/\/www.pompes-funebres-santilly.com\/fr\/#organization"},"image":{"@id":"https:\/\/www.pompes-funebres-santilly.com\/fr\/2020\/10\/21\/toussaint-2020-nos-monuments-nont-jamais-ete-aussi-accessibles\/#primaryimage"},"thumbnailUrl":"https:\/\/www.pompes-funebres-santilly.com\/wp-content\/uploads\/2020\/09\/TAOUSSAINT-site-web.jpg","articleSection":["Agences"],"inLanguage":"fr-FR"},{"@type":"WebPage","@id":"https:\/\/www.pompes-funebres-santilly.com\/fr\/2020\/10\/21\/toussaint-2020-nos-monuments-nont-jamais-ete-aussi-accessibles\/","url":"https:\/\/www.pompes-funebres-santilly.com\/fr\/2020\/10\/21\/toussaint-2020-nos-monuments-nont-jamais-ete-aussi-accessibles\/","name":"Toussaint 2020 Nos monuments n\u2019ont jamais \u00e9t\u00e9 aussi accessibles - Pompes Fun\u00e8bres Santilly","isPartOf":{"@id":"https:\/\/www.pompes-funebres-santilly.com\/fr\/#website"},"primaryImageOfPage":{"@id":"https:\/\/www.pompes-funebres-santilly.com\/fr\/2020\/10\/21\/toussaint-2020-nos-monuments-nont-jamais-ete-aussi-accessibles\/#primaryimage"},"image":{"@id":"https:\/\/www.pompes-funebres-santilly.com\/fr\/2020\/10\/21\/toussaint-2020-nos-monuments-nont-jamais-ete-aussi-accessibles\/#primaryimage"},"thumbnailUrl":"https:\/\/www.pompes-funebres-santilly.com\/wp-content\/uploads\/2020\/09\/TAOUSSAINT-site-web.jpg","datePublished":"2020-10-21T09:33:35+00:00","dateModified":"2022-12-27T11:17:03+00:00","description":"La Toussaint est une p\u00e9riode \u00e0 part pendant laquelle nous avons une pens\u00e9e toute particuli\u00e8re pour nos chers disparus. C\u2019est pour marquer ces temps fort que les Etablissements Santilly (...)","breadcrumb":{"@id":"https:\/\/www.pompes-funebres-santilly.com\/fr\/2020\/10\/21\/toussaint-2020-nos-monuments-nont-jamais-ete-aussi-accessibles\/#breadcrumb"},"inLanguage":"fr-FR","potentialAction":[{"@type":"ReadAction","target":["https:\/\/www.pompes-funebres-santilly.com\/fr\/2020\/10\/21\/toussaint-2020-nos-monuments-nont-jamais-ete-aussi-accessibles\/"]}]},{"@type":"ImageObject","inLanguage":"fr-FR","@id":"https:\/\/www.pompes-funebres-santilly.com\/fr\/2020\/10\/21\/toussaint-2020-nos-monuments-nont-jamais-ete-aussi-accessibles\/#primaryimage","url":"https:\/\/www.pompes-funebres-santilly.com\/wp-content\/uploads\/2020\/09\/TAOUSSAINT-site-web.jpg","contentUrl":"https:\/\/www.pompes-funebres-santilly.com\/wp-content\/uploads\/2020\/09\/TAOUSSAINT-site-web.jpg","width":2048,"height":1367,"caption":"White flowers"},{"@type":"BreadcrumbList","@id":"https:\/\/www.pompes-funebres-santilly.com\/fr\/2020\/10\/21\/toussaint-2020-nos-monuments-nont-jamais-ete-aussi-accessibles\/#breadcrumb","itemListElement":[{"@type":"ListItem","position":1,"name":"Accueil","item":"https:\/\/www.pompes-funebres-santilly.com\/fr\/"},{"@type":"ListItem","position":2,"name":"Toussaint 2020 Nos monuments n\u2019ont jamais \u00e9t\u00e9 aussi accessibles"}]},{"@type":"WebSite","@id":"https:\/\/www.pompes-funebres-santilly.com\/fr\/#website","url":"https:\/\/www.pompes-funebres-santilly.com\/fr\/","name":"Pompes Fun\u00e8bres Santilly","description":"","publisher":{"@id":"https:\/\/www.pompes-funebres-santilly.com\/fr\/#organization"},"potentialAction":[{"@type":"SearchAction","target":{"@type":"EntryPoint","urlTemplate":"https:\/\/www.pompes-funebres-santilly.com\/fr\/?s={search_term_string}"},"query-input":{"@type":"PropertyValueSpecification","valueRequired":true,"valueName":"search_term_string"}}],"inLanguage":"fr-FR"},{"@type":"Organization","@id":"https:\/\/www.pompes-funebres-santilly.com\/fr\/#organization","name":"LCF Santilly","url":"https:\/\/www.pompes-funebres-santilly.com\/fr\/","logo":{"@type":"ImageObject","inLanguage":"fr-FR","@id":"https:\/\/www.pompes-funebres-santilly.com\/fr\/#\/schema\/logo\/image\/","url":"https:\/\/www.pompes-funebres-santilly.com\/wp-content\/uploads\/2019\/12\/logo-1.png","contentUrl":"https:\/\/www.pompes-funebres-santilly.com\/wp-content\/uploads\/2019\/12\/logo-1.png","width":433,"height":115,"caption":"LCF Santilly"},"image":{"@id":"https:\/\/www.pompes-funebres-santilly.com\/fr\/#\/schema\/logo\/image\/"}},{"@type":"Person","@id":"https:\/\/www.pompes-funebres-santilly.com\/fr\/#\/schema\/person\/3020f1c0bd1feb0868115366fb31cc95","name":"Santilly","image":{"@type":"ImageObject","inLanguage":"fr-FR","@id":"https:\/\/www.pompes-funebres-santilly.com\/fr\/#\/schema\/person\/image\/","url":"https:\/\/secure.gravatar.com\/avatar\/d08e8b9ec21a434951053c5533e88ebcb4c108593887fce4d87fda56ac806b28?s=96&d=mm&r=g","contentUrl":"https:\/\/secure.gravatar.com\/avatar\/d08e8b9ec21a434951053c5533e88ebcb4c108593887fce4d87fda56ac806b28?s=96&d=mm&r=g","caption":"Santilly"}}]}},"_links":{"self":[{"href":"https:\/\/www.pompes-funebres-santilly.com\/fr\/wp-json\/wp\/v2\/posts\/25731","targetHints":{"allow":["GET"]}}],"collection":[{"href":"https:\/\/www.pompes-funebres-santilly.com\/fr\/wp-json\/wp\/v2\/posts"}],"about":[{"href":"https:\/\/www.pompes-funebres-santilly.com\/fr\/wp-json\/wp\/v2\/types\/post"}],"author":[{"embeddable":true,"href":"https:\/\/www.pompes-funebres-santilly.com\/fr\/wp-json\/wp\/v2\/users\/3"}],"replies":[{"embeddable":true,"href":"https:\/\/www.pompes-funebres-santilly.com\/fr\/wp-json\/wp\/v2\/comments?post=25731"}],"version-history":[{"count":9,"href":"https:\/\/www.pompes-funebres-santilly.com\/fr\/wp-json\/wp\/v2\/posts\/25731\/revisions"}],"predecessor-version":[{"id":30942,"href":"https:\/\/www.pompes-funebres-santilly.com\/fr\/wp-json\/wp\/v2\/posts\/25731\/revisions\/30942"}],"wp:featuredmedia":[{"embeddable":true,"href":"https:\/\/www.pompes-funebres-santilly.com\/fr\/wp-json\/wp\/v2\/media\/25021"}],"wp:attachment":[{"href":"https:\/\/www.pompes-funebres-santilly.com\/fr\/wp-json\/wp\/v2\/media?parent=25731"}],"wp:term":[{"taxonomy":"category","embeddable":true,"href":"https:\/\/www.pompes-funebres-santilly.com\/fr\/wp-json\/wp\/v2\/categories?post=25731"},{"taxonomy":"post_tag","embeddable":true,"href":"https:\/\/www.pompes-funebres-santilly.com\/fr\/wp-json\/wp\/v2\/tags?post=25731"}],"curies":[{"name":"wp","href":"https:\/\/api.w.org\/{rel}","templated":true}]}}