{"id":25540,"date":"2020-10-19T11:28:04","date_gmt":"2020-10-19T09:28:04","guid":{"rendered":"https:\/\/www.pompes-funebres-santilly.com\/?p=25540"},"modified":"2020-10-19T17:10:01","modified_gmt":"2020-10-19T15:10:01","slug":"un-nouveau-columbarium-au-pre-saint-gervais","status":"publish","type":"post","link":"https:\/\/www.pompes-funebres-santilly.com\/fr\/2020\/10\/19\/un-nouveau-columbarium-au-pre-saint-gervais\/","title":{"rendered":"Un nouveau columbarium au Pr\u00e9-Saint-Gervais"},"content":{"rendered":"\n<p><strong>De plus en plus de personnes envisagent, d\u2019avoir recours \u00e0 la cr\u00e9mation plut\u00f4t qu\u2019\u00e0 l\u2019inhumation apr\u00e8s leur d\u00e9c\u00e8s. De fait, les columbariums sont de plus en plus pris\u00e9s et n\u00e9cessitent des installations en cons\u00e9quence. C\u2019est ce qui a motiv\u00e9 la commune du Pr\u00e9 Saint Gervais \u00e0 lancer un appel d\u2019offre aupr\u00e8s d\u2019entreprises de Pompes Fun\u00e8bres \u00e0 l\u2019issue duquel elle a choisi de faire confiance aux Etablissements Santilly.<\/strong><\/p>\n\n\n\n<p>Si aujourd\u2019hui de nombreuses personnes optent pour la cr\u00e9mation, elles sont tout aussi nombreuses \u00e0 souhaiter b\u00e9n\u00e9ficier d\u2019un v\u00e9ritable espace cin\u00e9raire dans leur cimeti\u00e8re -alternative \u00e0 la dispersion des cendres- afin de proposer aux proches un lieu de m\u00e9moire. Enti\u00e8rement con\u00e7u, r\u00e9alis\u00e9 et pos\u00e9 par les \u00e9quipes des Etablissements Santilly, le columbarium du Pr\u00e9-Saint-Gervais fait partie de ces nouveaux \u00e9difices particuli\u00e8rement pris\u00e9s. Enti\u00e8rement r\u00e9alis\u00e9 en granit gris et des portes en granit noire, il se distingue par sa grande sobri\u00e9t\u00e9, empreinte d\u2019\u00e9l\u00e9gance. Outre des cases de columbarium destin\u00e9es \u00e0 recueillir les urnes, il r\u00e9serve des espaces libres sur lesquels les familles et les proches ont toute libert\u00e9 pour d\u00e9poser des fleurs et ornements fun\u00e9raires en m\u00e9moire de leur d\u00e9funt. Tous les d\u00e9tails ont \u00e9t\u00e9 savamment \u00e9tudi\u00e9s, jusqu\u2019aux all\u00e9es et dallages con\u00e7us pour une circulation ais\u00e9e des visiteurs, avec un acc\u00e8s facilit\u00e9, notamment par temps pluvieux et des mat\u00e9riaux capables de r\u00e9sister aux al\u00e9as du temps. L\u2019ensemble offre une grande solennit\u00e9, propice au recueillement.<\/p>\n\n\n\n<figure class=\"wp-block-image size-large\"><img decoding=\"async\" width=\"1024\" height=\"673\" src=\"https:\/\/www.pompes-funebres-santilly.com\/wp-content\/uploads\/2020\/10\/Columbarium_SANTILLY_01-1024x673.jpg\" alt=\"\" class=\"wp-image-25556\" srcset=\"https:\/\/www.pompes-funebres-santilly.com\/wp-content\/uploads\/2020\/10\/Columbarium_SANTILLY_01-1024x673.jpg 1024w, https:\/\/www.pompes-funebres-santilly.com\/wp-content\/uploads\/2020\/10\/Columbarium_SANTILLY_01-300x197.jpg 300w, https:\/\/www.pompes-funebres-santilly.com\/wp-content\/uploads\/2020\/10\/Columbarium_SANTILLY_01-768x504.jpg 768w, https:\/\/www.pompes-funebres-santilly.com\/wp-content\/uploads\/2020\/10\/Columbarium_SANTILLY_01-1536x1009.jpg 1536w, https:\/\/www.pompes-funebres-santilly.com\/wp-content\/uploads\/2020\/10\/Columbarium_SANTILLY_01-100x67.jpg 100w, https:\/\/www.pompes-funebres-santilly.com\/wp-content\/uploads\/2020\/10\/Columbarium_SANTILLY_01.jpg 1769w\" sizes=\"(max-width: 1024px) 100vw, 1024px\" \/><\/figure>\n\n\n\n<figure class=\"wp-block-gallery columns-3 is-cropped wp-block-gallery-1 is-layout-flex wp-block-gallery-is-layout-flex\"><ul class=\"blocks-gallery-grid\"><li class=\"blocks-gallery-item\"><figure><img decoding=\"async\" width=\"709\" height=\"531\" src=\"https:\/\/www.pompes-funebres-santilly.com\/wp-content\/uploads\/2020\/10\/Columbarium_Ets-Santilly_01.jpg\" alt=\"\" data-id=\"25550\" data-full-url=\"https:\/\/www.pompes-funebres-santilly.com\/wp-content\/uploads\/2020\/10\/Columbarium_Ets-Santilly_01.jpg\" data-link=\"https:\/\/www.pompes-funebres-santilly.com\/?attachment_id=25550\" class=\"wp-image-25550\" srcset=\"https:\/\/www.pompes-funebres-santilly.com\/wp-content\/uploads\/2020\/10\/Columbarium_Ets-Santilly_01.jpg 709w, https:\/\/www.pompes-funebres-santilly.com\/wp-content\/uploads\/2020\/10\/Columbarium_Ets-Santilly_01-300x225.jpg 300w\" sizes=\"(max-width: 709px) 100vw, 709px\" \/><\/figure><\/li><li class=\"blocks-gallery-item\"><figure><img decoding=\"async\" width=\"709\" height=\"531\" src=\"https:\/\/www.pompes-funebres-santilly.com\/wp-content\/uploads\/2020\/10\/Columbarium_Ets-Santilly_02.jpg\" alt=\"\" data-id=\"25551\" data-full-url=\"https:\/\/www.pompes-funebres-santilly.com\/wp-content\/uploads\/2020\/10\/Columbarium_Ets-Santilly_02.jpg\" data-link=\"https:\/\/www.pompes-funebres-santilly.com\/?attachment_id=25551\" class=\"wp-image-25551\" srcset=\"https:\/\/www.pompes-funebres-santilly.com\/wp-content\/uploads\/2020\/10\/Columbarium_Ets-Santilly_02.jpg 709w, https:\/\/www.pompes-funebres-santilly.com\/wp-content\/uploads\/2020\/10\/Columbarium_Ets-Santilly_02-300x225.jpg 300w\" sizes=\"(max-width: 709px) 100vw, 709px\" \/><\/figure><\/li><li class=\"blocks-gallery-item\"><figure><img decoding=\"async\" width=\"709\" height=\"531\" src=\"https:\/\/www.pompes-funebres-santilly.com\/wp-content\/uploads\/2020\/10\/Columbarium_Ets-Santilly_03.jpg\" alt=\"\" data-id=\"25552\" data-full-url=\"https:\/\/www.pompes-funebres-santilly.com\/wp-content\/uploads\/2020\/10\/Columbarium_Ets-Santilly_03.jpg\" data-link=\"https:\/\/www.pompes-funebres-santilly.com\/?attachment_id=25552\" class=\"wp-image-25552\" srcset=\"https:\/\/www.pompes-funebres-santilly.com\/wp-content\/uploads\/2020\/10\/Columbarium_Ets-Santilly_03.jpg 709w, https:\/\/www.pompes-funebres-santilly.com\/wp-content\/uploads\/2020\/10\/Columbarium_Ets-Santilly_03-300x225.jpg 300w\" sizes=\"(max-width: 709px) 100vw, 709px\" \/><\/figure><\/li><\/ul><\/figure>\n","protected":false},"excerpt":{"rendered":"<p>De plus en plus de personnes envisagent, d\u2019avoir recours \u00e0 la cr\u00e9mation plut\u00f4t qu\u2019\u00e0 l\u2019inhumation apr\u00e8s leur d\u00e9c\u00e8s. De fait, les columbariums sont de plus en plus pris\u00e9s et n\u00e9cessitent des installations (&#8230;)<\/p>\n","protected":false},"author":3,"featured_media":25559,"comment_status":"closed","ping_status":"closed","sticky":false,"template":"","format":"standard","meta":{"_acf_changed":false,"footnotes":""},"categories":[371,387,415,376,416],"tags":[],"class_list":["post-25540","post","type-post","status-publish","format-standard","has-post-thumbnail","hentry","category-agences","category-collectivite","category-columbarium","category-funerailles","category-marbrerie"],"acf":false,"yoast_head":"<!-- This site is optimized with the Yoast SEO plugin v26.5 - https:\/\/yoast.com\/wordpress\/plugins\/seo\/ -->\n<title>Un nouveau columbarium au Pr\u00e9-Saint-Gervais - Pompes Fun\u00e8bres Santilly<\/title>\n<meta name=\"description\" content=\"De plus en plus de personnes envisagent, d\u2019avoir recours \u00e0 la cr\u00e9mation plut\u00f4t qu\u2019\u00e0 l\u2019inhumation apr\u00e8s leur d\u00e9c\u00e8s. De fait, les columbariums sont de plus en plus pris\u00e9s et n\u00e9cessitent des installations (...)\" \/>\n<meta name=\"robots\" content=\"index, follow, max-snippet:-1, max-image-preview:large, max-video-preview:-1\" \/>\n<link rel=\"canonical\" href=\"https:\/\/www.pompes-funebres-santilly.com\/fr\/2020\/10\/19\/un-nouveau-columbarium-au-pre-saint-gervais\/\" \/>\n<meta property=\"og:locale\" content=\"fr_FR\" \/>\n<meta property=\"og:type\" content=\"article\" \/>\n<meta property=\"og:title\" content=\"Un nouveau columbarium au Pr\u00e9-Saint-Gervais - Pompes Fun\u00e8bres Santilly\" \/>\n<meta property=\"og:description\" content=\"De plus en plus de personnes envisagent, d\u2019avoir recours \u00e0 la cr\u00e9mation plut\u00f4t qu\u2019\u00e0 l\u2019inhumation apr\u00e8s leur d\u00e9c\u00e8s. De fait, les columbariums sont de plus en plus pris\u00e9s et n\u00e9cessitent des installations (...)\" \/>\n<meta property=\"og:url\" content=\"https:\/\/www.pompes-funebres-santilly.com\/fr\/2020\/10\/19\/un-nouveau-columbarium-au-pre-saint-gervais\/\" \/>\n<meta property=\"og:site_name\" content=\"Pompes Fun\u00e8bres Santilly\" \/>\n<meta property=\"article:published_time\" content=\"2020-10-19T09:28:04+00:00\" \/>\n<meta property=\"article:modified_time\" content=\"2020-10-19T15:10:01+00:00\" \/>\n<meta property=\"og:image\" content=\"https:\/\/www.pompes-funebres-santilly.com\/wp-content\/uploads\/2020\/10\/Columbarium_SANTILLY_02-1.jpg\" \/>\n\t<meta property=\"og:image:width\" content=\"1770\" \/>\n\t<meta property=\"og:image:height\" content=\"1165\" \/>\n\t<meta property=\"og:image:type\" content=\"image\/jpeg\" \/>\n<meta name=\"author\" content=\"Santilly\" \/>\n<meta name=\"twitter:card\" content=\"summary_large_image\" \/>\n<meta name=\"twitter:label1\" content=\"\u00c9crit par\" \/>\n\t<meta name=\"twitter:data1\" content=\"Santilly\" \/>\n\t<meta name=\"twitter:label2\" content=\"Dur\u00e9e de lecture est.\" \/>\n\t<meta name=\"twitter:data2\" content=\"1 minute\" \/>\n<script type=\"application\/ld+json\" class=\"yoast-schema-graph\">{\"@context\":\"https:\/\/schema.org\",\"@graph\":[{\"@type\":\"Article\",\"@id\":\"https:\/\/www.pompes-funebres-santilly.com\/fr\/2020\/10\/19\/un-nouveau-columbarium-au-pre-saint-gervais\/#article\",\"isPartOf\":{\"@id\":\"https:\/\/www.pompes-funebres-santilly.com\/fr\/2020\/10\/19\/un-nouveau-columbarium-au-pre-saint-gervais\/\"},\"author\":{\"name\":\"Santilly\",\"@id\":\"https:\/\/www.pompes-funebres-santilly.com\/fr\/#\/schema\/person\/3020f1c0bd1feb0868115366fb31cc95\"},\"headline\":\"Un nouveau columbarium au Pr\u00e9-Saint-Gervais\",\"datePublished\":\"2020-10-19T09:28:04+00:00\",\"dateModified\":\"2020-10-19T15:10:01+00:00\",\"mainEntityOfPage\":{\"@id\":\"https:\/\/www.pompes-funebres-santilly.com\/fr\/2020\/10\/19\/un-nouveau-columbarium-au-pre-saint-gervais\/\"},\"wordCount\":283,\"publisher\":{\"@id\":\"https:\/\/www.pompes-funebres-santilly.com\/fr\/#organization\"},\"image\":{\"@id\":\"https:\/\/www.pompes-funebres-santilly.com\/fr\/2020\/10\/19\/un-nouveau-columbarium-au-pre-saint-gervais\/#primaryimage\"},\"thumbnailUrl\":\"https:\/\/www.pompes-funebres-santilly.com\/wp-content\/uploads\/2020\/10\/Columbarium_SANTILLY_02-1.jpg\",\"articleSection\":[\"Agences\",\"Collectivit\u00e9\",\"Columbarium\",\"Fun\u00e9railles\",\"Marbrerie\"],\"inLanguage\":\"fr-FR\"},{\"@type\":\"WebPage\",\"@id\":\"https:\/\/www.pompes-funebres-santilly.com\/fr\/2020\/10\/19\/un-nouveau-columbarium-au-pre-saint-gervais\/\",\"url\":\"https:\/\/www.pompes-funebres-santilly.com\/fr\/2020\/10\/19\/un-nouveau-columbarium-au-pre-saint-gervais\/\",\"name\":\"Un nouveau columbarium au Pr\u00e9-Saint-Gervais - Pompes Fun\u00e8bres Santilly\",\"isPartOf\":{\"@id\":\"https:\/\/www.pompes-funebres-santilly.com\/fr\/#website\"},\"primaryImageOfPage\":{\"@id\":\"https:\/\/www.pompes-funebres-santilly.com\/fr\/2020\/10\/19\/un-nouveau-columbarium-au-pre-saint-gervais\/#primaryimage\"},\"image\":{\"@id\":\"https:\/\/www.pompes-funebres-santilly.com\/fr\/2020\/10\/19\/un-nouveau-columbarium-au-pre-saint-gervais\/#primaryimage\"},\"thumbnailUrl\":\"https:\/\/www.pompes-funebres-santilly.com\/wp-content\/uploads\/2020\/10\/Columbarium_SANTILLY_02-1.jpg\",\"datePublished\":\"2020-10-19T09:28:04+00:00\",\"dateModified\":\"2020-10-19T15:10:01+00:00\",\"description\":\"De plus en plus de personnes envisagent, d\u2019avoir recours \u00e0 la cr\u00e9mation plut\u00f4t qu\u2019\u00e0 l\u2019inhumation apr\u00e8s leur d\u00e9c\u00e8s. De fait, les columbariums sont de plus en plus pris\u00e9s et n\u00e9cessitent des installations (...)\",\"breadcrumb\":{\"@id\":\"https:\/\/www.pompes-funebres-santilly.com\/fr\/2020\/10\/19\/un-nouveau-columbarium-au-pre-saint-gervais\/#breadcrumb\"},\"inLanguage\":\"fr-FR\",\"potentialAction\":[{\"@type\":\"ReadAction\",\"target\":[\"https:\/\/www.pompes-funebres-santilly.com\/fr\/2020\/10\/19\/un-nouveau-columbarium-au-pre-saint-gervais\/\"]}]},{\"@type\":\"ImageObject\",\"inLanguage\":\"fr-FR\",\"@id\":\"https:\/\/www.pompes-funebres-santilly.com\/fr\/2020\/10\/19\/un-nouveau-columbarium-au-pre-saint-gervais\/#primaryimage\",\"url\":\"https:\/\/www.pompes-funebres-santilly.com\/wp-content\/uploads\/2020\/10\/Columbarium_SANTILLY_02-1.jpg\",\"contentUrl\":\"https:\/\/www.pompes-funebres-santilly.com\/wp-content\/uploads\/2020\/10\/Columbarium_SANTILLY_02-1.jpg\",\"width\":1770,\"height\":1165,\"caption\":\"Pompes Funebres Santilly, Columbarium, Marbrerie\"},{\"@type\":\"BreadcrumbList\",\"@id\":\"https:\/\/www.pompes-funebres-santilly.com\/fr\/2020\/10\/19\/un-nouveau-columbarium-au-pre-saint-gervais\/#breadcrumb\",\"itemListElement\":[{\"@type\":\"ListItem\",\"position\":1,\"name\":\"Accueil\",\"item\":\"https:\/\/www.pompes-funebres-santilly.com\/fr\/\"},{\"@type\":\"ListItem\",\"position\":2,\"name\":\"Un nouveau columbarium au Pr\u00e9-Saint-Gervais\"}]},{\"@type\":\"WebSite\",\"@id\":\"https:\/\/www.pompes-funebres-santilly.com\/fr\/#website\",\"url\":\"https:\/\/www.pompes-funebres-santilly.com\/fr\/\",\"name\":\"Pompes Fun\u00e8bres Santilly\",\"description\":\"\",\"publisher\":{\"@id\":\"https:\/\/www.pompes-funebres-santilly.com\/fr\/#organization\"},\"potentialAction\":[{\"@type\":\"SearchAction\",\"target\":{\"@type\":\"EntryPoint\",\"urlTemplate\":\"https:\/\/www.pompes-funebres-santilly.com\/fr\/?s={search_term_string}\"},\"query-input\":{\"@type\":\"PropertyValueSpecification\",\"valueRequired\":true,\"valueName\":\"search_term_string\"}}],\"inLanguage\":\"fr-FR\"},{\"@type\":\"Organization\",\"@id\":\"https:\/\/www.pompes-funebres-santilly.com\/fr\/#organization\",\"name\":\"LCF Santilly\",\"url\":\"https:\/\/www.pompes-funebres-santilly.com\/fr\/\",\"logo\":{\"@type\":\"ImageObject\",\"inLanguage\":\"fr-FR\",\"@id\":\"https:\/\/www.pompes-funebres-santilly.com\/fr\/#\/schema\/logo\/image\/\",\"url\":\"https:\/\/www.pompes-funebres-santilly.com\/wp-content\/uploads\/2019\/12\/logo-1.png\",\"contentUrl\":\"https:\/\/www.pompes-funebres-santilly.com\/wp-content\/uploads\/2019\/12\/logo-1.png\",\"width\":433,\"height\":115,\"caption\":\"LCF Santilly\"},\"image\":{\"@id\":\"https:\/\/www.pompes-funebres-santilly.com\/fr\/#\/schema\/logo\/image\/\"}},{\"@type\":\"Person\",\"@id\":\"https:\/\/www.pompes-funebres-santilly.com\/fr\/#\/schema\/person\/3020f1c0bd1feb0868115366fb31cc95\",\"name\":\"Santilly\",\"image\":{\"@type\":\"ImageObject\",\"inLanguage\":\"fr-FR\",\"@id\":\"https:\/\/www.pompes-funebres-santilly.com\/fr\/#\/schema\/person\/image\/\",\"url\":\"https:\/\/secure.gravatar.com\/avatar\/d08e8b9ec21a434951053c5533e88ebcb4c108593887fce4d87fda56ac806b28?s=96&d=mm&r=g\",\"contentUrl\":\"https:\/\/secure.gravatar.com\/avatar\/d08e8b9ec21a434951053c5533e88ebcb4c108593887fce4d87fda56ac806b28?s=96&d=mm&r=g\",\"caption\":\"Santilly\"}}]}<\/script>\n<!-- \/ Yoast SEO plugin. -->","yoast_head_json":{"title":"Un nouveau columbarium au Pr\u00e9-Saint-Gervais - Pompes Fun\u00e8bres Santilly","description":"De plus en plus de personnes envisagent, d\u2019avoir recours \u00e0 la cr\u00e9mation plut\u00f4t qu\u2019\u00e0 l\u2019inhumation apr\u00e8s leur d\u00e9c\u00e8s. De fait, les columbariums sont de plus en plus pris\u00e9s et n\u00e9cessitent des installations (...)","robots":{"index":"index","follow":"follow","max-snippet":"max-snippet:-1","max-image-preview":"max-image-preview:large","max-video-preview":"max-video-preview:-1"},"canonical":"https:\/\/www.pompes-funebres-santilly.com\/fr\/2020\/10\/19\/un-nouveau-columbarium-au-pre-saint-gervais\/","og_locale":"fr_FR","og_type":"article","og_title":"Un nouveau columbarium au Pr\u00e9-Saint-Gervais - Pompes Fun\u00e8bres Santilly","og_description":"De plus en plus de personnes envisagent, d\u2019avoir recours \u00e0 la cr\u00e9mation plut\u00f4t qu\u2019\u00e0 l\u2019inhumation apr\u00e8s leur d\u00e9c\u00e8s. De fait, les columbariums sont de plus en plus pris\u00e9s et n\u00e9cessitent des installations (...)","og_url":"https:\/\/www.pompes-funebres-santilly.com\/fr\/2020\/10\/19\/un-nouveau-columbarium-au-pre-saint-gervais\/","og_site_name":"Pompes Fun\u00e8bres Santilly","article_published_time":"2020-10-19T09:28:04+00:00","article_modified_time":"2020-10-19T15:10:01+00:00","og_image":[{"width":1770,"height":1165,"url":"https:\/\/www.pompes-funebres-santilly.com\/wp-content\/uploads\/2020\/10\/Columbarium_SANTILLY_02-1.jpg","type":"image\/jpeg"}],"author":"Santilly","twitter_card":"summary_large_image","twitter_misc":{"\u00c9crit par":"Santilly","Dur\u00e9e de lecture est.":"1 minute"},"schema":{"@context":"https:\/\/schema.org","@graph":[{"@type":"Article","@id":"https:\/\/www.pompes-funebres-santilly.com\/fr\/2020\/10\/19\/un-nouveau-columbarium-au-pre-saint-gervais\/#article","isPartOf":{"@id":"https:\/\/www.pompes-funebres-santilly.com\/fr\/2020\/10\/19\/un-nouveau-columbarium-au-pre-saint-gervais\/"},"author":{"name":"Santilly","@id":"https:\/\/www.pompes-funebres-santilly.com\/fr\/#\/schema\/person\/3020f1c0bd1feb0868115366fb31cc95"},"headline":"Un nouveau columbarium au Pr\u00e9-Saint-Gervais","datePublished":"2020-10-19T09:28:04+00:00","dateModified":"2020-10-19T15:10:01+00:00","mainEntityOfPage":{"@id":"https:\/\/www.pompes-funebres-santilly.com\/fr\/2020\/10\/19\/un-nouveau-columbarium-au-pre-saint-gervais\/"},"wordCount":283,"publisher":{"@id":"https:\/\/www.pompes-funebres-santilly.com\/fr\/#organization"},"image":{"@id":"https:\/\/www.pompes-funebres-santilly.com\/fr\/2020\/10\/19\/un-nouveau-columbarium-au-pre-saint-gervais\/#primaryimage"},"thumbnailUrl":"https:\/\/www.pompes-funebres-santilly.com\/wp-content\/uploads\/2020\/10\/Columbarium_SANTILLY_02-1.jpg","articleSection":["Agences","Collectivit\u00e9","Columbarium","Fun\u00e9railles","Marbrerie"],"inLanguage":"fr-FR"},{"@type":"WebPage","@id":"https:\/\/www.pompes-funebres-santilly.com\/fr\/2020\/10\/19\/un-nouveau-columbarium-au-pre-saint-gervais\/","url":"https:\/\/www.pompes-funebres-santilly.com\/fr\/2020\/10\/19\/un-nouveau-columbarium-au-pre-saint-gervais\/","name":"Un nouveau columbarium au Pr\u00e9-Saint-Gervais - Pompes Fun\u00e8bres Santilly","isPartOf":{"@id":"https:\/\/www.pompes-funebres-santilly.com\/fr\/#website"},"primaryImageOfPage":{"@id":"https:\/\/www.pompes-funebres-santilly.com\/fr\/2020\/10\/19\/un-nouveau-columbarium-au-pre-saint-gervais\/#primaryimage"},"image":{"@id":"https:\/\/www.pompes-funebres-santilly.com\/fr\/2020\/10\/19\/un-nouveau-columbarium-au-pre-saint-gervais\/#primaryimage"},"thumbnailUrl":"https:\/\/www.pompes-funebres-santilly.com\/wp-content\/uploads\/2020\/10\/Columbarium_SANTILLY_02-1.jpg","datePublished":"2020-10-19T09:28:04+00:00","dateModified":"2020-10-19T15:10:01+00:00","description":"De plus en plus de personnes envisagent, d\u2019avoir recours \u00e0 la cr\u00e9mation plut\u00f4t qu\u2019\u00e0 l\u2019inhumation apr\u00e8s leur d\u00e9c\u00e8s. De fait, les columbariums sont de plus en plus pris\u00e9s et n\u00e9cessitent des installations (...)","breadcrumb":{"@id":"https:\/\/www.pompes-funebres-santilly.com\/fr\/2020\/10\/19\/un-nouveau-columbarium-au-pre-saint-gervais\/#breadcrumb"},"inLanguage":"fr-FR","potentialAction":[{"@type":"ReadAction","target":["https:\/\/www.pompes-funebres-santilly.com\/fr\/2020\/10\/19\/un-nouveau-columbarium-au-pre-saint-gervais\/"]}]},{"@type":"ImageObject","inLanguage":"fr-FR","@id":"https:\/\/www.pompes-funebres-santilly.com\/fr\/2020\/10\/19\/un-nouveau-columbarium-au-pre-saint-gervais\/#primaryimage","url":"https:\/\/www.pompes-funebres-santilly.com\/wp-content\/uploads\/2020\/10\/Columbarium_SANTILLY_02-1.jpg","contentUrl":"https:\/\/www.pompes-funebres-santilly.com\/wp-content\/uploads\/2020\/10\/Columbarium_SANTILLY_02-1.jpg","width":1770,"height":1165,"caption":"Pompes Funebres Santilly, Columbarium, Marbrerie"},{"@type":"BreadcrumbList","@id":"https:\/\/www.pompes-funebres-santilly.com\/fr\/2020\/10\/19\/un-nouveau-columbarium-au-pre-saint-gervais\/#breadcrumb","itemListElement":[{"@type":"ListItem","position":1,"name":"Accueil","item":"https:\/\/www.pompes-funebres-santilly.com\/fr\/"},{"@type":"ListItem","position":2,"name":"Un nouveau columbarium au Pr\u00e9-Saint-Gervais"}]},{"@type":"WebSite","@id":"https:\/\/www.pompes-funebres-santilly.com\/fr\/#website","url":"https:\/\/www.pompes-funebres-santilly.com\/fr\/","name":"Pompes Fun\u00e8bres Santilly","description":"","publisher":{"@id":"https:\/\/www.pompes-funebres-santilly.com\/fr\/#organization"},"potentialAction":[{"@type":"SearchAction","target":{"@type":"EntryPoint","urlTemplate":"https:\/\/www.pompes-funebres-santilly.com\/fr\/?s={search_term_string}"},"query-input":{"@type":"PropertyValueSpecification","valueRequired":true,"valueName":"search_term_string"}}],"inLanguage":"fr-FR"},{"@type":"Organization","@id":"https:\/\/www.pompes-funebres-santilly.com\/fr\/#organization","name":"LCF Santilly","url":"https:\/\/www.pompes-funebres-santilly.com\/fr\/","logo":{"@type":"ImageObject","inLanguage":"fr-FR","@id":"https:\/\/www.pompes-funebres-santilly.com\/fr\/#\/schema\/logo\/image\/","url":"https:\/\/www.pompes-funebres-santilly.com\/wp-content\/uploads\/2019\/12\/logo-1.png","contentUrl":"https:\/\/www.pompes-funebres-santilly.com\/wp-content\/uploads\/2019\/12\/logo-1.png","width":433,"height":115,"caption":"LCF Santilly"},"image":{"@id":"https:\/\/www.pompes-funebres-santilly.com\/fr\/#\/schema\/logo\/image\/"}},{"@type":"Person","@id":"https:\/\/www.pompes-funebres-santilly.com\/fr\/#\/schema\/person\/3020f1c0bd1feb0868115366fb31cc95","name":"Santilly","image":{"@type":"ImageObject","inLanguage":"fr-FR","@id":"https:\/\/www.pompes-funebres-santilly.com\/fr\/#\/schema\/person\/image\/","url":"https:\/\/secure.gravatar.com\/avatar\/d08e8b9ec21a434951053c5533e88ebcb4c108593887fce4d87fda56ac806b28?s=96&d=mm&r=g","contentUrl":"https:\/\/secure.gravatar.com\/avatar\/d08e8b9ec21a434951053c5533e88ebcb4c108593887fce4d87fda56ac806b28?s=96&d=mm&r=g","caption":"Santilly"}}]}},"_links":{"self":[{"href":"https:\/\/www.pompes-funebres-santilly.com\/fr\/wp-json\/wp\/v2\/posts\/25540","targetHints":{"allow":["GET"]}}],"collection":[{"href":"https:\/\/www.pompes-funebres-santilly.com\/fr\/wp-json\/wp\/v2\/posts"}],"about":[{"href":"https:\/\/www.pompes-funebres-santilly.com\/fr\/wp-json\/wp\/v2\/types\/post"}],"author":[{"embeddable":true,"href":"https:\/\/www.pompes-funebres-santilly.com\/fr\/wp-json\/wp\/v2\/users\/3"}],"replies":[{"embeddable":true,"href":"https:\/\/www.pompes-funebres-santilly.com\/fr\/wp-json\/wp\/v2\/comments?post=25540"}],"version-history":[{"count":7,"href":"https:\/\/www.pompes-funebres-santilly.com\/fr\/wp-json\/wp\/v2\/posts\/25540\/revisions"}],"predecessor-version":[{"id":25567,"href":"https:\/\/www.pompes-funebres-santilly.com\/fr\/wp-json\/wp\/v2\/posts\/25540\/revisions\/25567"}],"wp:featuredmedia":[{"embeddable":true,"href":"https:\/\/www.pompes-funebres-santilly.com\/fr\/wp-json\/wp\/v2\/media\/25559"}],"wp:attachment":[{"href":"https:\/\/www.pompes-funebres-santilly.com\/fr\/wp-json\/wp\/v2\/media?parent=25540"}],"wp:term":[{"taxonomy":"category","embeddable":true,"href":"https:\/\/www.pompes-funebres-santilly.com\/fr\/wp-json\/wp\/v2\/categories?post=25540"},{"taxonomy":"post_tag","embeddable":true,"href":"https:\/\/www.pompes-funebres-santilly.com\/fr\/wp-json\/wp\/v2\/tags?post=25540"}],"curies":[{"name":"wp","href":"https:\/\/api.w.org\/{rel}","templated":true}]}}