{"id":24432,"date":"2020-09-08T13:50:14","date_gmt":"2020-09-08T11:50:14","guid":{"rendered":"https:\/\/www.pompes-funebres-santilly.com\/?p=24432"},"modified":"2020-09-14T16:33:42","modified_gmt":"2020-09-14T14:33:42","slug":"le-cimetiere-qui-passionne-les-amateurs-dart","status":"publish","type":"post","link":"https:\/\/www.pompes-funebres-santilly.com\/fr\/2020\/09\/08\/le-cimetiere-qui-passionne-les-amateurs-dart\/","title":{"rendered":"Le cimeti\u00e8re qui passionne les amateurs d\u2019art&#8230;"},"content":{"rendered":"\n<p><span class=\"has-inline-color has-vivid-cyan-blue-color\">Chaumi\u00e8res \u00e0 Cordeville &nbsp;&#8211;&nbsp;&nbsp;mai 1990. C&rsquo;est la premi\u00e8re oeuvre r\u00e9alis\u00e9e par Van Gogh \u00e0 Auvers-sur-Oise<\/span>.<\/p>\n\n\n\n<p><strong>Il existe en France un cimeti\u00e8re de campagne qui captive le reste du monde alors que le village o\u00f9 il se trouve compte moins de 7000 habitants. Ce village, tr\u00e8s appr\u00e9ci\u00e9 de Van Gogh ainsi que d\u2019autres peintres se nomme Auvers-sur-Oise et son cimeti\u00e8re, un peu isol\u00e9 de la ville, au milieu des champs, re\u00e7oit chaque ann\u00e9e plus de 200&nbsp;000 visiteurs du monde entier&nbsp;!<\/strong><\/p>\n\n\n\n<p>Vincent Van Gogh r\u00e9sidant du village (il y restera les 70 jours de sa vie et peindra fr\u00e9n\u00e9tiquement 70 toiles&nbsp;!) meurt en juillet 1890 et est enterr\u00e9 sur place, de m\u00eame que le sera son fr\u00e8re Th\u00e9o. Le cimeti\u00e8re qui les accueillit ouvrit ses portes en 1858 pour remplacer le vieux cimeti\u00e8re qui se trouvait autour de la fameuse \u00e9glise qui fut peinte par Vincent Van Gogh. Leurs s\u00e9pultures \u00e9pur\u00e9es sont orn\u00e9es de simples pierres tombales \u00e0 t\u00eate ronde en pierre et toutes deux enti\u00e8rement recouvertes de lierre. La raison&nbsp;? Ces plants de lierre ont \u00e9t\u00e9 plant\u00e9s en 1924 par l\u2019un des fils du docteur Gachet, m\u00e9decin et artiste d\u2019Auvers qui avait h\u00e9berg\u00e9 Van Gogh. Il s\u2019agissait de trouver quelque chose de simple, en hommage \u00e0 ses amis, qui symbolise leur attachement r\u00e9ciproque.<\/p>\n\n\n\n<figure class=\"wp-block-image size-large\"><img decoding=\"async\" width=\"1024\" height=\"614\" src=\"https:\/\/www.pompes-funebres-santilly.com\/wp-content\/uploads\/2020\/09\/les-tombes-de-van-gogh-1-1024x614.jpg\" alt=\"\" class=\"wp-image-24449\" srcset=\"https:\/\/www.pompes-funebres-santilly.com\/wp-content\/uploads\/2020\/09\/les-tombes-de-van-gogh-1-1024x614.jpg 1024w, https:\/\/www.pompes-funebres-santilly.com\/wp-content\/uploads\/2020\/09\/les-tombes-de-van-gogh-1-300x180.jpg 300w, https:\/\/www.pompes-funebres-santilly.com\/wp-content\/uploads\/2020\/09\/les-tombes-de-van-gogh-1-768x461.jpg 768w, https:\/\/www.pompes-funebres-santilly.com\/wp-content\/uploads\/2020\/09\/les-tombes-de-van-gogh-1.jpg 1280w\" sizes=\"(max-width: 1024px) 100vw, 1024px\" \/><figcaption>Les tombes de Vincent et Th\u00e9o Van Gogh dans le cimeti\u00e8re d\u2019Auvers<br><\/figcaption><\/figure>\n\n\n\n<p>Au fil des all\u00e9es se d\u00e9voilent d\u2019autres tombes \u00e9tonnantes comme celle de l\u2019architecte Yollant. Celle-ci est orn\u00e9e d\u2019un imposant m\u00e9daillon r\u00e9alis\u00e9 par le sculpteur L\u00e9on Fagel. Le m\u00eame qui a r\u00e9alis\u00e9 le monument d\u00e9di\u00e9 au peintre Charles-Fran\u00e7ois Daubigny.<\/p>\n\n\n\n<p>Parmi les autres artistes peintres dont les tombes sont pris\u00e9e des connaisseurs on peut citer les derni\u00e8res demeures de Norbert Goeneutte, Eug\u00e8ne Murer, Emile Boggio, L\u00e9onide Bourges, Charles Sprague Pearce ou encore L\u00e9on de Bastard, mais la liste est longue et compte m\u00eame quelques pianistes (Eliane Richepin) ou dessinatrice de mode (d\u2019Abigail Gorham) \u00e9m\u00e9rites&nbsp;!<\/p>\n\n\n\n<figure class=\"wp-block-gallery columns-2 is-cropped wp-block-gallery-1 is-layout-flex wp-block-gallery-is-layout-flex\"><ul class=\"blocks-gallery-grid\"><li class=\"blocks-gallery-item\"><figure><img decoding=\"async\" width=\"835\" height=\"1024\" src=\"https:\/\/www.pompes-funebres-santilly.com\/wp-content\/uploads\/2020\/09\/eb4dcb24378467b8d7db3f52ca0bc1fd-1-835x1024.jpg\" alt=\"\" data-id=\"24447\" data-full-url=\"https:\/\/www.pompes-funebres-santilly.com\/wp-content\/uploads\/2020\/09\/eb4dcb24378467b8d7db3f52ca0bc1fd-1.jpg\" data-link=\"https:\/\/www.pompes-funebres-santilly.com\/fr\/2020\/09\/08\/le-cimetiere-qui-passionne-les-amateurs-dart\/eb4dcb24378467b8d7db3f52ca0bc1fd-1\/\" class=\"wp-image-24447\" srcset=\"https:\/\/www.pompes-funebres-santilly.com\/wp-content\/uploads\/2020\/09\/eb4dcb24378467b8d7db3f52ca0bc1fd-1-835x1024.jpg 835w, https:\/\/www.pompes-funebres-santilly.com\/wp-content\/uploads\/2020\/09\/eb4dcb24378467b8d7db3f52ca0bc1fd-1-245x300.jpg 245w, https:\/\/www.pompes-funebres-santilly.com\/wp-content\/uploads\/2020\/09\/eb4dcb24378467b8d7db3f52ca0bc1fd-1-768x942.jpg 768w, https:\/\/www.pompes-funebres-santilly.com\/wp-content\/uploads\/2020\/09\/eb4dcb24378467b8d7db3f52ca0bc1fd-1.jpg 1142w\" sizes=\"(max-width: 835px) 100vw, 835px\" \/><figcaption class=\"blocks-gallery-item__caption\">Vincent Van Gogh, \u00ab\u00a0Autoportrait \u00e0 l&rsquo;oreille coup\u00e9e\u00a0\u00bb, 1889<\/figcaption><\/figure><\/li><li class=\"blocks-gallery-item\"><figure><img decoding=\"async\" width=\"474\" height=\"608\" src=\"https:\/\/www.pompes-funebres-santilly.com\/wp-content\/uploads\/2020\/09\/OIP-1.jpg\" alt=\"\" data-id=\"24448\" data-full-url=\"https:\/\/www.pompes-funebres-santilly.com\/wp-content\/uploads\/2020\/09\/OIP-1.jpg\" data-link=\"https:\/\/www.pompes-funebres-santilly.com\/fr\/2020\/09\/08\/le-cimetiere-qui-passionne-les-amateurs-dart\/oip-1\/\" class=\"wp-image-24448\" srcset=\"https:\/\/www.pompes-funebres-santilly.com\/wp-content\/uploads\/2020\/09\/OIP-1.jpg 474w, https:\/\/www.pompes-funebres-santilly.com\/wp-content\/uploads\/2020\/09\/OIP-1-234x300.jpg 234w\" sizes=\"(max-width: 474px) 100vw, 474px\" \/><figcaption class=\"blocks-gallery-item__caption\">\u00ab\u00a0Les Tournesols\u00a0\u00bb de Van Gogh<\/figcaption><\/figure><\/li><\/ul><\/figure>\n\n\n\n<p><\/p>\n","protected":false},"excerpt":{"rendered":"<p>Chaumi\u00e8res \u00e0 Cordeville  \u2013  mai 1990. C\u2019est la premi\u00e8re oeuvre r\u00e9alis\u00e9e par Van Gogh \u00e0 Auvers-sur-Oise. Il existe en France un cimeti\u00e8re de campagne qui captive le reste du monde alors que le village (&#8230;)<\/p>\n","protected":false},"author":3,"featured_media":24455,"comment_status":"closed","ping_status":"closed","sticky":false,"template":"","format":"standard","meta":{"_acf_changed":false,"footnotes":""},"categories":[376],"tags":[395,388,379,398,399],"class_list":["post-24432","post","type-post","status-publish","format-standard","has-post-thumbnail","hentry","category-funerailles","tag-auvers-sur-oise","tag-cimetiere","tag-ets-santilly","tag-tombes","tag-vincent-van-gogh"],"acf":false,"yoast_head":"<!-- This site is optimized with the Yoast SEO plugin v26.5 - https:\/\/yoast.com\/wordpress\/plugins\/seo\/ -->\n<title>Le cimeti\u00e8re qui passionne les amateurs d\u2019art... - Pompes Fun\u00e8bres Santilly<\/title>\n<meta name=\"description\" content=\"Chaumi\u00e8res \u00e0 Cordeville \u2013 mai 1990. C\u2019est la premi\u00e8re oeuvre r\u00e9alis\u00e9e par Van Gogh \u00e0 Auvers-sur-Oise. Il existe en France un cimeti\u00e8re de campagne qui captive le reste du monde alors que le village (...)\" \/>\n<meta name=\"robots\" content=\"index, follow, max-snippet:-1, max-image-preview:large, max-video-preview:-1\" \/>\n<link rel=\"canonical\" href=\"https:\/\/www.pompes-funebres-santilly.com\/fr\/2020\/09\/08\/le-cimetiere-qui-passionne-les-amateurs-dart\/\" \/>\n<meta property=\"og:locale\" content=\"fr_FR\" \/>\n<meta property=\"og:type\" content=\"article\" \/>\n<meta property=\"og:title\" content=\"Le cimeti\u00e8re qui passionne les amateurs d\u2019art... - Pompes Fun\u00e8bres Santilly\" \/>\n<meta property=\"og:description\" content=\"Chaumi\u00e8res \u00e0 Cordeville \u2013 mai 1990. C\u2019est la premi\u00e8re oeuvre r\u00e9alis\u00e9e par Van Gogh \u00e0 Auvers-sur-Oise. Il existe en France un cimeti\u00e8re de campagne qui captive le reste du monde alors que le village (...)\" \/>\n<meta property=\"og:url\" content=\"https:\/\/www.pompes-funebres-santilly.com\/fr\/2020\/09\/08\/le-cimetiere-qui-passionne-les-amateurs-dart\/\" \/>\n<meta property=\"og:site_name\" content=\"Pompes Fun\u00e8bres Santilly\" \/>\n<meta property=\"article:published_time\" content=\"2020-09-08T11:50:14+00:00\" \/>\n<meta property=\"article:modified_time\" content=\"2020-09-14T14:33:42+00:00\" \/>\n<meta property=\"og:image\" content=\"https:\/\/www.pompes-funebres-santilly.com\/wp-content\/uploads\/2020\/09\/oise-1.jpg\" \/>\n\t<meta property=\"og:image:width\" content=\"1280\" \/>\n\t<meta property=\"og:image:height\" content=\"768\" \/>\n\t<meta property=\"og:image:type\" content=\"image\/jpeg\" \/>\n<meta name=\"author\" content=\"Santilly\" \/>\n<meta name=\"twitter:card\" content=\"summary_large_image\" \/>\n<meta name=\"twitter:label1\" content=\"\u00c9crit par\" \/>\n\t<meta name=\"twitter:data1\" content=\"Santilly\" \/>\n\t<meta name=\"twitter:label2\" content=\"Dur\u00e9e de lecture est.\" \/>\n\t<meta name=\"twitter:data2\" content=\"2 minutes\" \/>\n<script type=\"application\/ld+json\" class=\"yoast-schema-graph\">{\"@context\":\"https:\/\/schema.org\",\"@graph\":[{\"@type\":\"Article\",\"@id\":\"https:\/\/www.pompes-funebres-santilly.com\/fr\/2020\/09\/08\/le-cimetiere-qui-passionne-les-amateurs-dart\/#article\",\"isPartOf\":{\"@id\":\"https:\/\/www.pompes-funebres-santilly.com\/fr\/2020\/09\/08\/le-cimetiere-qui-passionne-les-amateurs-dart\/\"},\"author\":{\"name\":\"Santilly\",\"@id\":\"https:\/\/www.pompes-funebres-santilly.com\/fr\/#\/schema\/person\/3020f1c0bd1feb0868115366fb31cc95\"},\"headline\":\"Le cimeti\u00e8re qui passionne les amateurs d\u2019art&#8230;\",\"datePublished\":\"2020-09-08T11:50:14+00:00\",\"dateModified\":\"2020-09-14T14:33:42+00:00\",\"mainEntityOfPage\":{\"@id\":\"https:\/\/www.pompes-funebres-santilly.com\/fr\/2020\/09\/08\/le-cimetiere-qui-passionne-les-amateurs-dart\/\"},\"wordCount\":389,\"publisher\":{\"@id\":\"https:\/\/www.pompes-funebres-santilly.com\/fr\/#organization\"},\"image\":{\"@id\":\"https:\/\/www.pompes-funebres-santilly.com\/fr\/2020\/09\/08\/le-cimetiere-qui-passionne-les-amateurs-dart\/#primaryimage\"},\"thumbnailUrl\":\"https:\/\/www.pompes-funebres-santilly.com\/wp-content\/uploads\/2020\/09\/oise-1.jpg\",\"keywords\":[\"Auvers-sur-Oise\",\"Cimeti\u00e8re\",\"Ets Santilly\",\"Tombes\",\"Vincent Van Gogh\"],\"articleSection\":[\"Fun\u00e9railles\"],\"inLanguage\":\"fr-FR\"},{\"@type\":\"WebPage\",\"@id\":\"https:\/\/www.pompes-funebres-santilly.com\/fr\/2020\/09\/08\/le-cimetiere-qui-passionne-les-amateurs-dart\/\",\"url\":\"https:\/\/www.pompes-funebres-santilly.com\/fr\/2020\/09\/08\/le-cimetiere-qui-passionne-les-amateurs-dart\/\",\"name\":\"Le cimeti\u00e8re qui passionne les amateurs d\u2019art... - Pompes Fun\u00e8bres Santilly\",\"isPartOf\":{\"@id\":\"https:\/\/www.pompes-funebres-santilly.com\/fr\/#website\"},\"primaryImageOfPage\":{\"@id\":\"https:\/\/www.pompes-funebres-santilly.com\/fr\/2020\/09\/08\/le-cimetiere-qui-passionne-les-amateurs-dart\/#primaryimage\"},\"image\":{\"@id\":\"https:\/\/www.pompes-funebres-santilly.com\/fr\/2020\/09\/08\/le-cimetiere-qui-passionne-les-amateurs-dart\/#primaryimage\"},\"thumbnailUrl\":\"https:\/\/www.pompes-funebres-santilly.com\/wp-content\/uploads\/2020\/09\/oise-1.jpg\",\"datePublished\":\"2020-09-08T11:50:14+00:00\",\"dateModified\":\"2020-09-14T14:33:42+00:00\",\"description\":\"Chaumi\u00e8res \u00e0 Cordeville \u2013 mai 1990. C\u2019est la premi\u00e8re oeuvre r\u00e9alis\u00e9e par Van Gogh \u00e0 Auvers-sur-Oise. Il existe en France un cimeti\u00e8re de campagne qui captive le reste du monde alors que le village (...)\",\"breadcrumb\":{\"@id\":\"https:\/\/www.pompes-funebres-santilly.com\/fr\/2020\/09\/08\/le-cimetiere-qui-passionne-les-amateurs-dart\/#breadcrumb\"},\"inLanguage\":\"fr-FR\",\"potentialAction\":[{\"@type\":\"ReadAction\",\"target\":[\"https:\/\/www.pompes-funebres-santilly.com\/fr\/2020\/09\/08\/le-cimetiere-qui-passionne-les-amateurs-dart\/\"]}]},{\"@type\":\"ImageObject\",\"inLanguage\":\"fr-FR\",\"@id\":\"https:\/\/www.pompes-funebres-santilly.com\/fr\/2020\/09\/08\/le-cimetiere-qui-passionne-les-amateurs-dart\/#primaryimage\",\"url\":\"https:\/\/www.pompes-funebres-santilly.com\/wp-content\/uploads\/2020\/09\/oise-1.jpg\",\"contentUrl\":\"https:\/\/www.pompes-funebres-santilly.com\/wp-content\/uploads\/2020\/09\/oise-1.jpg\",\"width\":1280,\"height\":768},{\"@type\":\"BreadcrumbList\",\"@id\":\"https:\/\/www.pompes-funebres-santilly.com\/fr\/2020\/09\/08\/le-cimetiere-qui-passionne-les-amateurs-dart\/#breadcrumb\",\"itemListElement\":[{\"@type\":\"ListItem\",\"position\":1,\"name\":\"Accueil\",\"item\":\"https:\/\/www.pompes-funebres-santilly.com\/fr\/\"},{\"@type\":\"ListItem\",\"position\":2,\"name\":\"Le cimeti\u00e8re qui passionne les amateurs d\u2019art&#8230;\"}]},{\"@type\":\"WebSite\",\"@id\":\"https:\/\/www.pompes-funebres-santilly.com\/fr\/#website\",\"url\":\"https:\/\/www.pompes-funebres-santilly.com\/fr\/\",\"name\":\"Pompes Fun\u00e8bres Santilly\",\"description\":\"\",\"publisher\":{\"@id\":\"https:\/\/www.pompes-funebres-santilly.com\/fr\/#organization\"},\"potentialAction\":[{\"@type\":\"SearchAction\",\"target\":{\"@type\":\"EntryPoint\",\"urlTemplate\":\"https:\/\/www.pompes-funebres-santilly.com\/fr\/?s={search_term_string}\"},\"query-input\":{\"@type\":\"PropertyValueSpecification\",\"valueRequired\":true,\"valueName\":\"search_term_string\"}}],\"inLanguage\":\"fr-FR\"},{\"@type\":\"Organization\",\"@id\":\"https:\/\/www.pompes-funebres-santilly.com\/fr\/#organization\",\"name\":\"LCF Santilly\",\"url\":\"https:\/\/www.pompes-funebres-santilly.com\/fr\/\",\"logo\":{\"@type\":\"ImageObject\",\"inLanguage\":\"fr-FR\",\"@id\":\"https:\/\/www.pompes-funebres-santilly.com\/fr\/#\/schema\/logo\/image\/\",\"url\":\"https:\/\/www.pompes-funebres-santilly.com\/wp-content\/uploads\/2019\/12\/logo-1.png\",\"contentUrl\":\"https:\/\/www.pompes-funebres-santilly.com\/wp-content\/uploads\/2019\/12\/logo-1.png\",\"width\":433,\"height\":115,\"caption\":\"LCF Santilly\"},\"image\":{\"@id\":\"https:\/\/www.pompes-funebres-santilly.com\/fr\/#\/schema\/logo\/image\/\"}},{\"@type\":\"Person\",\"@id\":\"https:\/\/www.pompes-funebres-santilly.com\/fr\/#\/schema\/person\/3020f1c0bd1feb0868115366fb31cc95\",\"name\":\"Santilly\",\"image\":{\"@type\":\"ImageObject\",\"inLanguage\":\"fr-FR\",\"@id\":\"https:\/\/www.pompes-funebres-santilly.com\/fr\/#\/schema\/person\/image\/\",\"url\":\"https:\/\/secure.gravatar.com\/avatar\/d08e8b9ec21a434951053c5533e88ebcb4c108593887fce4d87fda56ac806b28?s=96&d=mm&r=g\",\"contentUrl\":\"https:\/\/secure.gravatar.com\/avatar\/d08e8b9ec21a434951053c5533e88ebcb4c108593887fce4d87fda56ac806b28?s=96&d=mm&r=g\",\"caption\":\"Santilly\"}}]}<\/script>\n<!-- \/ Yoast SEO plugin. -->","yoast_head_json":{"title":"Le cimeti\u00e8re qui passionne les amateurs d\u2019art... - Pompes Fun\u00e8bres Santilly","description":"Chaumi\u00e8res \u00e0 Cordeville \u2013 mai 1990. C\u2019est la premi\u00e8re oeuvre r\u00e9alis\u00e9e par Van Gogh \u00e0 Auvers-sur-Oise. Il existe en France un cimeti\u00e8re de campagne qui captive le reste du monde alors que le village (...)","robots":{"index":"index","follow":"follow","max-snippet":"max-snippet:-1","max-image-preview":"max-image-preview:large","max-video-preview":"max-video-preview:-1"},"canonical":"https:\/\/www.pompes-funebres-santilly.com\/fr\/2020\/09\/08\/le-cimetiere-qui-passionne-les-amateurs-dart\/","og_locale":"fr_FR","og_type":"article","og_title":"Le cimeti\u00e8re qui passionne les amateurs d\u2019art... - Pompes Fun\u00e8bres Santilly","og_description":"Chaumi\u00e8res \u00e0 Cordeville \u2013 mai 1990. C\u2019est la premi\u00e8re oeuvre r\u00e9alis\u00e9e par Van Gogh \u00e0 Auvers-sur-Oise. Il existe en France un cimeti\u00e8re de campagne qui captive le reste du monde alors que le village (...)","og_url":"https:\/\/www.pompes-funebres-santilly.com\/fr\/2020\/09\/08\/le-cimetiere-qui-passionne-les-amateurs-dart\/","og_site_name":"Pompes Fun\u00e8bres Santilly","article_published_time":"2020-09-08T11:50:14+00:00","article_modified_time":"2020-09-14T14:33:42+00:00","og_image":[{"width":1280,"height":768,"url":"https:\/\/www.pompes-funebres-santilly.com\/wp-content\/uploads\/2020\/09\/oise-1.jpg","type":"image\/jpeg"}],"author":"Santilly","twitter_card":"summary_large_image","twitter_misc":{"\u00c9crit par":"Santilly","Dur\u00e9e de lecture est.":"2 minutes"},"schema":{"@context":"https:\/\/schema.org","@graph":[{"@type":"Article","@id":"https:\/\/www.pompes-funebres-santilly.com\/fr\/2020\/09\/08\/le-cimetiere-qui-passionne-les-amateurs-dart\/#article","isPartOf":{"@id":"https:\/\/www.pompes-funebres-santilly.com\/fr\/2020\/09\/08\/le-cimetiere-qui-passionne-les-amateurs-dart\/"},"author":{"name":"Santilly","@id":"https:\/\/www.pompes-funebres-santilly.com\/fr\/#\/schema\/person\/3020f1c0bd1feb0868115366fb31cc95"},"headline":"Le cimeti\u00e8re qui passionne les amateurs d\u2019art&#8230;","datePublished":"2020-09-08T11:50:14+00:00","dateModified":"2020-09-14T14:33:42+00:00","mainEntityOfPage":{"@id":"https:\/\/www.pompes-funebres-santilly.com\/fr\/2020\/09\/08\/le-cimetiere-qui-passionne-les-amateurs-dart\/"},"wordCount":389,"publisher":{"@id":"https:\/\/www.pompes-funebres-santilly.com\/fr\/#organization"},"image":{"@id":"https:\/\/www.pompes-funebres-santilly.com\/fr\/2020\/09\/08\/le-cimetiere-qui-passionne-les-amateurs-dart\/#primaryimage"},"thumbnailUrl":"https:\/\/www.pompes-funebres-santilly.com\/wp-content\/uploads\/2020\/09\/oise-1.jpg","keywords":["Auvers-sur-Oise","Cimeti\u00e8re","Ets Santilly","Tombes","Vincent Van Gogh"],"articleSection":["Fun\u00e9railles"],"inLanguage":"fr-FR"},{"@type":"WebPage","@id":"https:\/\/www.pompes-funebres-santilly.com\/fr\/2020\/09\/08\/le-cimetiere-qui-passionne-les-amateurs-dart\/","url":"https:\/\/www.pompes-funebres-santilly.com\/fr\/2020\/09\/08\/le-cimetiere-qui-passionne-les-amateurs-dart\/","name":"Le cimeti\u00e8re qui passionne les amateurs d\u2019art... - Pompes Fun\u00e8bres Santilly","isPartOf":{"@id":"https:\/\/www.pompes-funebres-santilly.com\/fr\/#website"},"primaryImageOfPage":{"@id":"https:\/\/www.pompes-funebres-santilly.com\/fr\/2020\/09\/08\/le-cimetiere-qui-passionne-les-amateurs-dart\/#primaryimage"},"image":{"@id":"https:\/\/www.pompes-funebres-santilly.com\/fr\/2020\/09\/08\/le-cimetiere-qui-passionne-les-amateurs-dart\/#primaryimage"},"thumbnailUrl":"https:\/\/www.pompes-funebres-santilly.com\/wp-content\/uploads\/2020\/09\/oise-1.jpg","datePublished":"2020-09-08T11:50:14+00:00","dateModified":"2020-09-14T14:33:42+00:00","description":"Chaumi\u00e8res \u00e0 Cordeville \u2013 mai 1990. C\u2019est la premi\u00e8re oeuvre r\u00e9alis\u00e9e par Van Gogh \u00e0 Auvers-sur-Oise. Il existe en France un cimeti\u00e8re de campagne qui captive le reste du monde alors que le village (...)","breadcrumb":{"@id":"https:\/\/www.pompes-funebres-santilly.com\/fr\/2020\/09\/08\/le-cimetiere-qui-passionne-les-amateurs-dart\/#breadcrumb"},"inLanguage":"fr-FR","potentialAction":[{"@type":"ReadAction","target":["https:\/\/www.pompes-funebres-santilly.com\/fr\/2020\/09\/08\/le-cimetiere-qui-passionne-les-amateurs-dart\/"]}]},{"@type":"ImageObject","inLanguage":"fr-FR","@id":"https:\/\/www.pompes-funebres-santilly.com\/fr\/2020\/09\/08\/le-cimetiere-qui-passionne-les-amateurs-dart\/#primaryimage","url":"https:\/\/www.pompes-funebres-santilly.com\/wp-content\/uploads\/2020\/09\/oise-1.jpg","contentUrl":"https:\/\/www.pompes-funebres-santilly.com\/wp-content\/uploads\/2020\/09\/oise-1.jpg","width":1280,"height":768},{"@type":"BreadcrumbList","@id":"https:\/\/www.pompes-funebres-santilly.com\/fr\/2020\/09\/08\/le-cimetiere-qui-passionne-les-amateurs-dart\/#breadcrumb","itemListElement":[{"@type":"ListItem","position":1,"name":"Accueil","item":"https:\/\/www.pompes-funebres-santilly.com\/fr\/"},{"@type":"ListItem","position":2,"name":"Le cimeti\u00e8re qui passionne les amateurs d\u2019art&#8230;"}]},{"@type":"WebSite","@id":"https:\/\/www.pompes-funebres-santilly.com\/fr\/#website","url":"https:\/\/www.pompes-funebres-santilly.com\/fr\/","name":"Pompes Fun\u00e8bres Santilly","description":"","publisher":{"@id":"https:\/\/www.pompes-funebres-santilly.com\/fr\/#organization"},"potentialAction":[{"@type":"SearchAction","target":{"@type":"EntryPoint","urlTemplate":"https:\/\/www.pompes-funebres-santilly.com\/fr\/?s={search_term_string}"},"query-input":{"@type":"PropertyValueSpecification","valueRequired":true,"valueName":"search_term_string"}}],"inLanguage":"fr-FR"},{"@type":"Organization","@id":"https:\/\/www.pompes-funebres-santilly.com\/fr\/#organization","name":"LCF Santilly","url":"https:\/\/www.pompes-funebres-santilly.com\/fr\/","logo":{"@type":"ImageObject","inLanguage":"fr-FR","@id":"https:\/\/www.pompes-funebres-santilly.com\/fr\/#\/schema\/logo\/image\/","url":"https:\/\/www.pompes-funebres-santilly.com\/wp-content\/uploads\/2019\/12\/logo-1.png","contentUrl":"https:\/\/www.pompes-funebres-santilly.com\/wp-content\/uploads\/2019\/12\/logo-1.png","width":433,"height":115,"caption":"LCF Santilly"},"image":{"@id":"https:\/\/www.pompes-funebres-santilly.com\/fr\/#\/schema\/logo\/image\/"}},{"@type":"Person","@id":"https:\/\/www.pompes-funebres-santilly.com\/fr\/#\/schema\/person\/3020f1c0bd1feb0868115366fb31cc95","name":"Santilly","image":{"@type":"ImageObject","inLanguage":"fr-FR","@id":"https:\/\/www.pompes-funebres-santilly.com\/fr\/#\/schema\/person\/image\/","url":"https:\/\/secure.gravatar.com\/avatar\/d08e8b9ec21a434951053c5533e88ebcb4c108593887fce4d87fda56ac806b28?s=96&d=mm&r=g","contentUrl":"https:\/\/secure.gravatar.com\/avatar\/d08e8b9ec21a434951053c5533e88ebcb4c108593887fce4d87fda56ac806b28?s=96&d=mm&r=g","caption":"Santilly"}}]}},"_links":{"self":[{"href":"https:\/\/www.pompes-funebres-santilly.com\/fr\/wp-json\/wp\/v2\/posts\/24432","targetHints":{"allow":["GET"]}}],"collection":[{"href":"https:\/\/www.pompes-funebres-santilly.com\/fr\/wp-json\/wp\/v2\/posts"}],"about":[{"href":"https:\/\/www.pompes-funebres-santilly.com\/fr\/wp-json\/wp\/v2\/types\/post"}],"author":[{"embeddable":true,"href":"https:\/\/www.pompes-funebres-santilly.com\/fr\/wp-json\/wp\/v2\/users\/3"}],"replies":[{"embeddable":true,"href":"https:\/\/www.pompes-funebres-santilly.com\/fr\/wp-json\/wp\/v2\/comments?post=24432"}],"version-history":[{"count":18,"href":"https:\/\/www.pompes-funebres-santilly.com\/fr\/wp-json\/wp\/v2\/posts\/24432\/revisions"}],"predecessor-version":[{"id":24463,"href":"https:\/\/www.pompes-funebres-santilly.com\/fr\/wp-json\/wp\/v2\/posts\/24432\/revisions\/24463"}],"wp:featuredmedia":[{"embeddable":true,"href":"https:\/\/www.pompes-funebres-santilly.com\/fr\/wp-json\/wp\/v2\/media\/24455"}],"wp:attachment":[{"href":"https:\/\/www.pompes-funebres-santilly.com\/fr\/wp-json\/wp\/v2\/media?parent=24432"}],"wp:term":[{"taxonomy":"category","embeddable":true,"href":"https:\/\/www.pompes-funebres-santilly.com\/fr\/wp-json\/wp\/v2\/categories?post=24432"},{"taxonomy":"post_tag","embeddable":true,"href":"https:\/\/www.pompes-funebres-santilly.com\/fr\/wp-json\/wp\/v2\/tags?post=24432"}],"curies":[{"name":"wp","href":"https:\/\/api.w.org\/{rel}","templated":true}]}}