{"id":24144,"date":"2020-08-24T09:26:31","date_gmt":"2020-08-24T07:26:31","guid":{"rendered":"https:\/\/www.pompes-funebres-santilly.com\/?p=24144"},"modified":"2020-09-14T16:29:18","modified_gmt":"2020-09-14T14:29:18","slug":"contrats-obseques-on-a-tous-de-bonnes-raisons-dy-penser","status":"publish","type":"post","link":"https:\/\/www.pompes-funebres-santilly.com\/fr\/2020\/08\/24\/contrats-obseques-on-a-tous-de-bonnes-raisons-dy-penser\/","title":{"rendered":"Contrats obs\u00e8ques. On a tous de bonnes raisons d\u2019y penser"},"content":{"rendered":"\n<p><strong>Envisager ses propres obs\u00e8ques n\u2019est \u00e9videmment pas une id\u00e9e qui vient en t\u00eate tous les jours. Pourtant, il est judicieux d\u2019y penser suffisamment t\u00f4t\u2026 pour ne plus avoir \u00e0 y penser et ainsi s\u2019assurer que toutes les dispositions souhait\u00e9es seront respect\u00e9es.<\/strong><\/p>\n\n\n\n<p>De nombreuses personnes imaginent qu\u2019une assurance vie suffit \u00e0 pr\u00e9voir \u00ab&nbsp;l\u2019apr\u00e8s&nbsp;\u00bb. Mais les banques qui proposent ce type de contrat n\u2019envisagent en r\u00e9alit\u00e9 que l\u2019aspect financier. Si \u00e9viter que le co\u00fbt des obs\u00e8ques n\u2019incombe \u00e0 vos proches est tout \u00e0 fait louable, il est tout aussi important de leur \u00e9viter le poids des d\u00e9marches dans un moment douloureux. Mais surtout, vous pouvez ainsi vous assurer que tout se d\u00e9roulera conform\u00e9ment \u00e0 vos derni\u00e8res volont\u00e9s qu\u2019elles soient d\u2019ordre religieuses ou personnelles (dans ce type de contrat, vous pouvez pr\u00e9ciser par exemple si vous envisagez plut\u00f4t une inhumation, une cr\u00e9mation, mais aussi comment vous imaginez le d\u00e9roulement de la c\u00e9r\u00e9monie, etc). Rompus \u00e0 ce type de demande, Les \u00c9tablissements Santilly vous proposent des contrats obs\u00e8ques qui tiennent compte de l\u2019ensemble de vos pr\u00e9occupations. Outre la somme d\u2019argent n\u00e9cessaire aux d\u00e9penses n\u00e9cessaires \u00e0 leur organisation, vos obs\u00e8ques suivront un d\u00e9roulement parfaitement en phase avec toutes les consignes que vous aurez pr\u00e9alablement signifi\u00e9 dans votre contrat.<\/p>\n\n\n\n<p>Ce contrat obs\u00e8ques est sans doute l\u2019un des plus personnels qui soit. C\u2019est pourquoi nous tenons \u00e0 l\u2019\u00e9laborer avec vous, en vous \u00e9coutant attentivement pour mieux comprendre et traduire avec exactitude vos d\u00e9sid\u00e9ratas. Attentifs, nous remplirons nous-m\u00eames, avec votre validation, l\u2019ensemble du contrat. Nous nous chargeons de transmettre un exemplaire au partenaire assurance choisi par Le Choix Fun\u00e9raire EPARNITE (leurs contrats Epargne et Pr\u00e9voyance sont accessible \u00e0 tous les budgets). Un exemplaire est conserv\u00e9 pr\u00e9cieusement par votre \u00e9tablissement de Pompes Fun\u00e8bres tandis qu\u2019un dernier exemplaire vous sera remis. En plus d\u2019\u00eatre une solution s\u00fbre et rassurante, votre contrat obs\u00e8ques sera revaloris\u00e9 chaque ann\u00e9e*.<\/p>\n\n\n\n<p><strong>Renseignez-vous sans tarder&nbsp;aupr\u00e8s de <a href=\"https:\/\/www.pompes-funebres-santilly.com\/fr\/nos-agences\/\">l\u2019agence Santilly<\/a> la plus proche.<\/strong><\/p>\n\n\n\n<p><em>*En 2019, la revalorisation correspond \u00e0 1,6% du montant vers\u00e9<\/em><\/p>\n","protected":false},"excerpt":{"rendered":"<p>Envisager ses propres obs\u00e8ques n\u2019est \u00e9videmment pas une id\u00e9e qui vient en t\u00eate tous les jours. Pourtant, il est judicieux d\u2019y penser suffisamment t\u00f4t\u2026 pour ne plus avoir \u00e0 y penser et ainsi s\u2019assurer (&#8230;)<\/p>\n","protected":false},"author":3,"featured_media":24148,"comment_status":"closed","ping_status":"closed","sticky":false,"template":"","format":"standard","meta":{"_acf_changed":false,"footnotes":""},"categories":[375],"tags":[391,390,379,392],"class_list":["post-24144","post","type-post","status-publish","format-standard","has-post-thumbnail","hentry","category-obseques","tag-assurance-obseques","tag-contrat-obseques","tag-ets-santilly","tag-prevoyance"],"acf":false,"yoast_head":"<!-- This site is optimized with the Yoast SEO plugin v26.5 - https:\/\/yoast.com\/wordpress\/plugins\/seo\/ -->\n<title>Contrats obs\u00e8ques. On a tous de bonnes raisons d\u2019y penser - Pompes Fun\u00e8bres Santilly<\/title>\n<meta name=\"description\" content=\"Envisager ses propres obs\u00e8ques n\u2019est \u00e9videmment pas une id\u00e9e qui vient en t\u00eate tous les jours. Pourtant, il est judicieux d\u2019y penser suffisamment t\u00f4t\u2026 pour ne plus avoir \u00e0 y penser et ainsi s\u2019assurer (...)\" \/>\n<meta name=\"robots\" content=\"index, follow, max-snippet:-1, max-image-preview:large, max-video-preview:-1\" \/>\n<link rel=\"canonical\" href=\"https:\/\/www.pompes-funebres-santilly.com\/fr\/2020\/08\/24\/contrats-obseques-on-a-tous-de-bonnes-raisons-dy-penser\/\" \/>\n<meta property=\"og:locale\" content=\"fr_FR\" \/>\n<meta property=\"og:type\" content=\"article\" \/>\n<meta property=\"og:title\" content=\"Contrats obs\u00e8ques. On a tous de bonnes raisons d\u2019y penser - Pompes Fun\u00e8bres Santilly\" \/>\n<meta property=\"og:description\" content=\"Envisager ses propres obs\u00e8ques n\u2019est \u00e9videmment pas une id\u00e9e qui vient en t\u00eate tous les jours. Pourtant, il est judicieux d\u2019y penser suffisamment t\u00f4t\u2026 pour ne plus avoir \u00e0 y penser et ainsi s\u2019assurer (...)\" \/>\n<meta property=\"og:url\" content=\"https:\/\/www.pompes-funebres-santilly.com\/fr\/2020\/08\/24\/contrats-obseques-on-a-tous-de-bonnes-raisons-dy-penser\/\" \/>\n<meta property=\"og:site_name\" content=\"Pompes Fun\u00e8bres Santilly\" \/>\n<meta property=\"article:published_time\" content=\"2020-08-24T07:26:31+00:00\" \/>\n<meta property=\"article:modified_time\" content=\"2020-09-14T14:29:18+00:00\" \/>\n<meta property=\"og:image\" content=\"https:\/\/www.pompes-funebres-santilly.com\/wp-content\/uploads\/2020\/08\/Obseques-Ets-Santilly-Actualite\u0301-scaled.jpg\" \/>\n\t<meta property=\"og:image:width\" content=\"2560\" \/>\n\t<meta property=\"og:image:height\" content=\"1707\" \/>\n\t<meta property=\"og:image:type\" content=\"image\/jpeg\" \/>\n<meta name=\"author\" content=\"Santilly\" \/>\n<meta name=\"twitter:card\" content=\"summary_large_image\" \/>\n<meta name=\"twitter:label1\" content=\"\u00c9crit par\" \/>\n\t<meta name=\"twitter:data1\" content=\"Santilly\" \/>\n\t<meta name=\"twitter:label2\" content=\"Dur\u00e9e de lecture est.\" \/>\n\t<meta name=\"twitter:data2\" content=\"2 minutes\" \/>\n<script type=\"application\/ld+json\" class=\"yoast-schema-graph\">{\"@context\":\"https:\/\/schema.org\",\"@graph\":[{\"@type\":\"Article\",\"@id\":\"https:\/\/www.pompes-funebres-santilly.com\/fr\/2020\/08\/24\/contrats-obseques-on-a-tous-de-bonnes-raisons-dy-penser\/#article\",\"isPartOf\":{\"@id\":\"https:\/\/www.pompes-funebres-santilly.com\/fr\/2020\/08\/24\/contrats-obseques-on-a-tous-de-bonnes-raisons-dy-penser\/\"},\"author\":{\"name\":\"Santilly\",\"@id\":\"https:\/\/www.pompes-funebres-santilly.com\/fr\/#\/schema\/person\/3020f1c0bd1feb0868115366fb31cc95\"},\"headline\":\"Contrats obs\u00e8ques. On a tous de bonnes raisons d\u2019y penser\",\"datePublished\":\"2020-08-24T07:26:31+00:00\",\"dateModified\":\"2020-09-14T14:29:18+00:00\",\"mainEntityOfPage\":{\"@id\":\"https:\/\/www.pompes-funebres-santilly.com\/fr\/2020\/08\/24\/contrats-obseques-on-a-tous-de-bonnes-raisons-dy-penser\/\"},\"wordCount\":390,\"publisher\":{\"@id\":\"https:\/\/www.pompes-funebres-santilly.com\/fr\/#organization\"},\"image\":{\"@id\":\"https:\/\/www.pompes-funebres-santilly.com\/fr\/2020\/08\/24\/contrats-obseques-on-a-tous-de-bonnes-raisons-dy-penser\/#primaryimage\"},\"thumbnailUrl\":\"https:\/\/www.pompes-funebres-santilly.com\/wp-content\/uploads\/2020\/08\/Obseques-Ets-Santilly-Actualite\u0301-scaled.jpg\",\"keywords\":[\"Assurance Obs\u00e8ques\",\"Contrat obs\u00e8ques\",\"Ets Santilly\",\"Pr\u00e9voyance\"],\"articleSection\":[\"Obs\u00e8ques\"],\"inLanguage\":\"fr-FR\"},{\"@type\":\"WebPage\",\"@id\":\"https:\/\/www.pompes-funebres-santilly.com\/fr\/2020\/08\/24\/contrats-obseques-on-a-tous-de-bonnes-raisons-dy-penser\/\",\"url\":\"https:\/\/www.pompes-funebres-santilly.com\/fr\/2020\/08\/24\/contrats-obseques-on-a-tous-de-bonnes-raisons-dy-penser\/\",\"name\":\"Contrats obs\u00e8ques. On a tous de bonnes raisons d\u2019y penser - Pompes Fun\u00e8bres Santilly\",\"isPartOf\":{\"@id\":\"https:\/\/www.pompes-funebres-santilly.com\/fr\/#website\"},\"primaryImageOfPage\":{\"@id\":\"https:\/\/www.pompes-funebres-santilly.com\/fr\/2020\/08\/24\/contrats-obseques-on-a-tous-de-bonnes-raisons-dy-penser\/#primaryimage\"},\"image\":{\"@id\":\"https:\/\/www.pompes-funebres-santilly.com\/fr\/2020\/08\/24\/contrats-obseques-on-a-tous-de-bonnes-raisons-dy-penser\/#primaryimage\"},\"thumbnailUrl\":\"https:\/\/www.pompes-funebres-santilly.com\/wp-content\/uploads\/2020\/08\/Obseques-Ets-Santilly-Actualite\u0301-scaled.jpg\",\"datePublished\":\"2020-08-24T07:26:31+00:00\",\"dateModified\":\"2020-09-14T14:29:18+00:00\",\"description\":\"Envisager ses propres obs\u00e8ques n\u2019est \u00e9videmment pas une id\u00e9e qui vient en t\u00eate tous les jours. Pourtant, il est judicieux d\u2019y penser suffisamment t\u00f4t\u2026 pour ne plus avoir \u00e0 y penser et ainsi s\u2019assurer (...)\",\"breadcrumb\":{\"@id\":\"https:\/\/www.pompes-funebres-santilly.com\/fr\/2020\/08\/24\/contrats-obseques-on-a-tous-de-bonnes-raisons-dy-penser\/#breadcrumb\"},\"inLanguage\":\"fr-FR\",\"potentialAction\":[{\"@type\":\"ReadAction\",\"target\":[\"https:\/\/www.pompes-funebres-santilly.com\/fr\/2020\/08\/24\/contrats-obseques-on-a-tous-de-bonnes-raisons-dy-penser\/\"]}]},{\"@type\":\"ImageObject\",\"inLanguage\":\"fr-FR\",\"@id\":\"https:\/\/www.pompes-funebres-santilly.com\/fr\/2020\/08\/24\/contrats-obseques-on-a-tous-de-bonnes-raisons-dy-penser\/#primaryimage\",\"url\":\"https:\/\/www.pompes-funebres-santilly.com\/wp-content\/uploads\/2020\/08\/Obseques-Ets-Santilly-Actualite\u0301-scaled.jpg\",\"contentUrl\":\"https:\/\/www.pompes-funebres-santilly.com\/wp-content\/uploads\/2020\/08\/Obseques-Ets-Santilly-Actualite\u0301-scaled.jpg\",\"width\":2560,\"height\":1707},{\"@type\":\"BreadcrumbList\",\"@id\":\"https:\/\/www.pompes-funebres-santilly.com\/fr\/2020\/08\/24\/contrats-obseques-on-a-tous-de-bonnes-raisons-dy-penser\/#breadcrumb\",\"itemListElement\":[{\"@type\":\"ListItem\",\"position\":1,\"name\":\"Accueil\",\"item\":\"https:\/\/www.pompes-funebres-santilly.com\/fr\/\"},{\"@type\":\"ListItem\",\"position\":2,\"name\":\"Contrats obs\u00e8ques. On a tous de bonnes raisons d\u2019y penser\"}]},{\"@type\":\"WebSite\",\"@id\":\"https:\/\/www.pompes-funebres-santilly.com\/fr\/#website\",\"url\":\"https:\/\/www.pompes-funebres-santilly.com\/fr\/\",\"name\":\"Pompes Fun\u00e8bres Santilly\",\"description\":\"\",\"publisher\":{\"@id\":\"https:\/\/www.pompes-funebres-santilly.com\/fr\/#organization\"},\"potentialAction\":[{\"@type\":\"SearchAction\",\"target\":{\"@type\":\"EntryPoint\",\"urlTemplate\":\"https:\/\/www.pompes-funebres-santilly.com\/fr\/?s={search_term_string}\"},\"query-input\":{\"@type\":\"PropertyValueSpecification\",\"valueRequired\":true,\"valueName\":\"search_term_string\"}}],\"inLanguage\":\"fr-FR\"},{\"@type\":\"Organization\",\"@id\":\"https:\/\/www.pompes-funebres-santilly.com\/fr\/#organization\",\"name\":\"LCF Santilly\",\"url\":\"https:\/\/www.pompes-funebres-santilly.com\/fr\/\",\"logo\":{\"@type\":\"ImageObject\",\"inLanguage\":\"fr-FR\",\"@id\":\"https:\/\/www.pompes-funebres-santilly.com\/fr\/#\/schema\/logo\/image\/\",\"url\":\"https:\/\/www.pompes-funebres-santilly.com\/wp-content\/uploads\/2019\/12\/logo-1.png\",\"contentUrl\":\"https:\/\/www.pompes-funebres-santilly.com\/wp-content\/uploads\/2019\/12\/logo-1.png\",\"width\":433,\"height\":115,\"caption\":\"LCF Santilly\"},\"image\":{\"@id\":\"https:\/\/www.pompes-funebres-santilly.com\/fr\/#\/schema\/logo\/image\/\"}},{\"@type\":\"Person\",\"@id\":\"https:\/\/www.pompes-funebres-santilly.com\/fr\/#\/schema\/person\/3020f1c0bd1feb0868115366fb31cc95\",\"name\":\"Santilly\",\"image\":{\"@type\":\"ImageObject\",\"inLanguage\":\"fr-FR\",\"@id\":\"https:\/\/www.pompes-funebres-santilly.com\/fr\/#\/schema\/person\/image\/\",\"url\":\"https:\/\/secure.gravatar.com\/avatar\/d08e8b9ec21a434951053c5533e88ebcb4c108593887fce4d87fda56ac806b28?s=96&d=mm&r=g\",\"contentUrl\":\"https:\/\/secure.gravatar.com\/avatar\/d08e8b9ec21a434951053c5533e88ebcb4c108593887fce4d87fda56ac806b28?s=96&d=mm&r=g\",\"caption\":\"Santilly\"}}]}<\/script>\n<!-- \/ Yoast SEO plugin. -->","yoast_head_json":{"title":"Contrats obs\u00e8ques. On a tous de bonnes raisons d\u2019y penser - Pompes Fun\u00e8bres Santilly","description":"Envisager ses propres obs\u00e8ques n\u2019est \u00e9videmment pas une id\u00e9e qui vient en t\u00eate tous les jours. Pourtant, il est judicieux d\u2019y penser suffisamment t\u00f4t\u2026 pour ne plus avoir \u00e0 y penser et ainsi s\u2019assurer (...)","robots":{"index":"index","follow":"follow","max-snippet":"max-snippet:-1","max-image-preview":"max-image-preview:large","max-video-preview":"max-video-preview:-1"},"canonical":"https:\/\/www.pompes-funebres-santilly.com\/fr\/2020\/08\/24\/contrats-obseques-on-a-tous-de-bonnes-raisons-dy-penser\/","og_locale":"fr_FR","og_type":"article","og_title":"Contrats obs\u00e8ques. On a tous de bonnes raisons d\u2019y penser - Pompes Fun\u00e8bres Santilly","og_description":"Envisager ses propres obs\u00e8ques n\u2019est \u00e9videmment pas une id\u00e9e qui vient en t\u00eate tous les jours. Pourtant, il est judicieux d\u2019y penser suffisamment t\u00f4t\u2026 pour ne plus avoir \u00e0 y penser et ainsi s\u2019assurer (...)","og_url":"https:\/\/www.pompes-funebres-santilly.com\/fr\/2020\/08\/24\/contrats-obseques-on-a-tous-de-bonnes-raisons-dy-penser\/","og_site_name":"Pompes Fun\u00e8bres Santilly","article_published_time":"2020-08-24T07:26:31+00:00","article_modified_time":"2020-09-14T14:29:18+00:00","og_image":[{"width":2560,"height":1707,"url":"https:\/\/www.pompes-funebres-santilly.com\/wp-content\/uploads\/2020\/08\/Obseques-Ets-Santilly-Actualite\u0301-scaled.jpg","type":"image\/jpeg"}],"author":"Santilly","twitter_card":"summary_large_image","twitter_misc":{"\u00c9crit par":"Santilly","Dur\u00e9e de lecture est.":"2 minutes"},"schema":{"@context":"https:\/\/schema.org","@graph":[{"@type":"Article","@id":"https:\/\/www.pompes-funebres-santilly.com\/fr\/2020\/08\/24\/contrats-obseques-on-a-tous-de-bonnes-raisons-dy-penser\/#article","isPartOf":{"@id":"https:\/\/www.pompes-funebres-santilly.com\/fr\/2020\/08\/24\/contrats-obseques-on-a-tous-de-bonnes-raisons-dy-penser\/"},"author":{"name":"Santilly","@id":"https:\/\/www.pompes-funebres-santilly.com\/fr\/#\/schema\/person\/3020f1c0bd1feb0868115366fb31cc95"},"headline":"Contrats obs\u00e8ques. On a tous de bonnes raisons d\u2019y penser","datePublished":"2020-08-24T07:26:31+00:00","dateModified":"2020-09-14T14:29:18+00:00","mainEntityOfPage":{"@id":"https:\/\/www.pompes-funebres-santilly.com\/fr\/2020\/08\/24\/contrats-obseques-on-a-tous-de-bonnes-raisons-dy-penser\/"},"wordCount":390,"publisher":{"@id":"https:\/\/www.pompes-funebres-santilly.com\/fr\/#organization"},"image":{"@id":"https:\/\/www.pompes-funebres-santilly.com\/fr\/2020\/08\/24\/contrats-obseques-on-a-tous-de-bonnes-raisons-dy-penser\/#primaryimage"},"thumbnailUrl":"https:\/\/www.pompes-funebres-santilly.com\/wp-content\/uploads\/2020\/08\/Obseques-Ets-Santilly-Actualite\u0301-scaled.jpg","keywords":["Assurance Obs\u00e8ques","Contrat obs\u00e8ques","Ets Santilly","Pr\u00e9voyance"],"articleSection":["Obs\u00e8ques"],"inLanguage":"fr-FR"},{"@type":"WebPage","@id":"https:\/\/www.pompes-funebres-santilly.com\/fr\/2020\/08\/24\/contrats-obseques-on-a-tous-de-bonnes-raisons-dy-penser\/","url":"https:\/\/www.pompes-funebres-santilly.com\/fr\/2020\/08\/24\/contrats-obseques-on-a-tous-de-bonnes-raisons-dy-penser\/","name":"Contrats obs\u00e8ques. On a tous de bonnes raisons d\u2019y penser - Pompes Fun\u00e8bres Santilly","isPartOf":{"@id":"https:\/\/www.pompes-funebres-santilly.com\/fr\/#website"},"primaryImageOfPage":{"@id":"https:\/\/www.pompes-funebres-santilly.com\/fr\/2020\/08\/24\/contrats-obseques-on-a-tous-de-bonnes-raisons-dy-penser\/#primaryimage"},"image":{"@id":"https:\/\/www.pompes-funebres-santilly.com\/fr\/2020\/08\/24\/contrats-obseques-on-a-tous-de-bonnes-raisons-dy-penser\/#primaryimage"},"thumbnailUrl":"https:\/\/www.pompes-funebres-santilly.com\/wp-content\/uploads\/2020\/08\/Obseques-Ets-Santilly-Actualite\u0301-scaled.jpg","datePublished":"2020-08-24T07:26:31+00:00","dateModified":"2020-09-14T14:29:18+00:00","description":"Envisager ses propres obs\u00e8ques n\u2019est \u00e9videmment pas une id\u00e9e qui vient en t\u00eate tous les jours. Pourtant, il est judicieux d\u2019y penser suffisamment t\u00f4t\u2026 pour ne plus avoir \u00e0 y penser et ainsi s\u2019assurer (...)","breadcrumb":{"@id":"https:\/\/www.pompes-funebres-santilly.com\/fr\/2020\/08\/24\/contrats-obseques-on-a-tous-de-bonnes-raisons-dy-penser\/#breadcrumb"},"inLanguage":"fr-FR","potentialAction":[{"@type":"ReadAction","target":["https:\/\/www.pompes-funebres-santilly.com\/fr\/2020\/08\/24\/contrats-obseques-on-a-tous-de-bonnes-raisons-dy-penser\/"]}]},{"@type":"ImageObject","inLanguage":"fr-FR","@id":"https:\/\/www.pompes-funebres-santilly.com\/fr\/2020\/08\/24\/contrats-obseques-on-a-tous-de-bonnes-raisons-dy-penser\/#primaryimage","url":"https:\/\/www.pompes-funebres-santilly.com\/wp-content\/uploads\/2020\/08\/Obseques-Ets-Santilly-Actualite\u0301-scaled.jpg","contentUrl":"https:\/\/www.pompes-funebres-santilly.com\/wp-content\/uploads\/2020\/08\/Obseques-Ets-Santilly-Actualite\u0301-scaled.jpg","width":2560,"height":1707},{"@type":"BreadcrumbList","@id":"https:\/\/www.pompes-funebres-santilly.com\/fr\/2020\/08\/24\/contrats-obseques-on-a-tous-de-bonnes-raisons-dy-penser\/#breadcrumb","itemListElement":[{"@type":"ListItem","position":1,"name":"Accueil","item":"https:\/\/www.pompes-funebres-santilly.com\/fr\/"},{"@type":"ListItem","position":2,"name":"Contrats obs\u00e8ques. On a tous de bonnes raisons d\u2019y penser"}]},{"@type":"WebSite","@id":"https:\/\/www.pompes-funebres-santilly.com\/fr\/#website","url":"https:\/\/www.pompes-funebres-santilly.com\/fr\/","name":"Pompes Fun\u00e8bres Santilly","description":"","publisher":{"@id":"https:\/\/www.pompes-funebres-santilly.com\/fr\/#organization"},"potentialAction":[{"@type":"SearchAction","target":{"@type":"EntryPoint","urlTemplate":"https:\/\/www.pompes-funebres-santilly.com\/fr\/?s={search_term_string}"},"query-input":{"@type":"PropertyValueSpecification","valueRequired":true,"valueName":"search_term_string"}}],"inLanguage":"fr-FR"},{"@type":"Organization","@id":"https:\/\/www.pompes-funebres-santilly.com\/fr\/#organization","name":"LCF Santilly","url":"https:\/\/www.pompes-funebres-santilly.com\/fr\/","logo":{"@type":"ImageObject","inLanguage":"fr-FR","@id":"https:\/\/www.pompes-funebres-santilly.com\/fr\/#\/schema\/logo\/image\/","url":"https:\/\/www.pompes-funebres-santilly.com\/wp-content\/uploads\/2019\/12\/logo-1.png","contentUrl":"https:\/\/www.pompes-funebres-santilly.com\/wp-content\/uploads\/2019\/12\/logo-1.png","width":433,"height":115,"caption":"LCF Santilly"},"image":{"@id":"https:\/\/www.pompes-funebres-santilly.com\/fr\/#\/schema\/logo\/image\/"}},{"@type":"Person","@id":"https:\/\/www.pompes-funebres-santilly.com\/fr\/#\/schema\/person\/3020f1c0bd1feb0868115366fb31cc95","name":"Santilly","image":{"@type":"ImageObject","inLanguage":"fr-FR","@id":"https:\/\/www.pompes-funebres-santilly.com\/fr\/#\/schema\/person\/image\/","url":"https:\/\/secure.gravatar.com\/avatar\/d08e8b9ec21a434951053c5533e88ebcb4c108593887fce4d87fda56ac806b28?s=96&d=mm&r=g","contentUrl":"https:\/\/secure.gravatar.com\/avatar\/d08e8b9ec21a434951053c5533e88ebcb4c108593887fce4d87fda56ac806b28?s=96&d=mm&r=g","caption":"Santilly"}}]}},"_links":{"self":[{"href":"https:\/\/www.pompes-funebres-santilly.com\/fr\/wp-json\/wp\/v2\/posts\/24144","targetHints":{"allow":["GET"]}}],"collection":[{"href":"https:\/\/www.pompes-funebres-santilly.com\/fr\/wp-json\/wp\/v2\/posts"}],"about":[{"href":"https:\/\/www.pompes-funebres-santilly.com\/fr\/wp-json\/wp\/v2\/types\/post"}],"author":[{"embeddable":true,"href":"https:\/\/www.pompes-funebres-santilly.com\/fr\/wp-json\/wp\/v2\/users\/3"}],"replies":[{"embeddable":true,"href":"https:\/\/www.pompes-funebres-santilly.com\/fr\/wp-json\/wp\/v2\/comments?post=24144"}],"version-history":[{"count":5,"href":"https:\/\/www.pompes-funebres-santilly.com\/fr\/wp-json\/wp\/v2\/posts\/24144\/revisions"}],"predecessor-version":[{"id":24171,"href":"https:\/\/www.pompes-funebres-santilly.com\/fr\/wp-json\/wp\/v2\/posts\/24144\/revisions\/24171"}],"wp:featuredmedia":[{"embeddable":true,"href":"https:\/\/www.pompes-funebres-santilly.com\/fr\/wp-json\/wp\/v2\/media\/24148"}],"wp:attachment":[{"href":"https:\/\/www.pompes-funebres-santilly.com\/fr\/wp-json\/wp\/v2\/media?parent=24144"}],"wp:term":[{"taxonomy":"category","embeddable":true,"href":"https:\/\/www.pompes-funebres-santilly.com\/fr\/wp-json\/wp\/v2\/categories?post=24144"},{"taxonomy":"post_tag","embeddable":true,"href":"https:\/\/www.pompes-funebres-santilly.com\/fr\/wp-json\/wp\/v2\/tags?post=24144"}],"curies":[{"name":"wp","href":"https:\/\/api.w.org\/{rel}","templated":true}]}}