{"id":24012,"date":"2020-08-19T12:48:25","date_gmt":"2020-08-19T10:48:25","guid":{"rendered":"https:\/\/www.pompes-funebres-santilly.com\/?p=24012"},"modified":"2020-09-14T16:26:18","modified_gmt":"2020-09-14T14:26:18","slug":"reprises-de-concessions-les-etablissements-santilly-sollicites-par-la-mairie-de-villemomble","status":"publish","type":"post","link":"https:\/\/www.pompes-funebres-santilly.com\/fr\/2020\/08\/19\/reprises-de-concessions-les-etablissements-santilly-sollicites-par-la-mairie-de-villemomble\/","title":{"rendered":"Reprises de concessions Les \u00c9tablissements Santilly sollicit\u00e9s par la Mairie de Villemomble"},"content":{"rendered":"\n<p><strong>En tant que propri\u00e9taires des cimeti\u00e8res, les mairies sont en droit de reprendre possession de la parcelle de terrain occup\u00e9e par une concession fun\u00e9raire. Apr\u00e8s appel d\u2019offre, la Mairie de Villemomble par l\u2019interm\u00e9diaire de SIFUREP, a choisi les \u00c9tablissements Santilly pour prendre en charge cette prestation dans le nouveau cimeti\u00e8re situ\u00e9 au 99, rue de Rosny.<\/strong><\/p>\n\n\n\n<p>Une reprise de concession par la Mairie advient dans deux cas&nbsp;: soit le contrat de concession est arriv\u00e9 \u00e0 terme, soit la concession est laiss\u00e9e \u00e0 l\u2019abandon. Ces reprises concernent g\u00e9n\u00e9ralement les s\u00e9pultures et monuments d\u00e9labr\u00e9s, effondr\u00e9s, envahis par la v\u00e9g\u00e9tation, ou pr\u00e9sentant un risque pour la salubrit\u00e9 et l\u2019hygi\u00e8ne.<\/p>\n\n\n\n<p>Dans le cas de concessions \u00ab&nbsp;pleine terre&nbsp;\u00bb, les \u00c9tablissements Santilly creusent les fosses, proc\u00e8dent \u00e0 l\u2019exhumation des corps et les transf\u00e8rent dans des reliquaires vers les ossuaires. Ils finissent par combler de terre la s\u00e9pulture et nettoient toute trace laiss\u00e9e par des restes de cercueil ou de monuments (semelle, socle, etc).<\/p>\n\n\n\n<p>Dans le cas de concessions \u00ab&nbsp;caveaux&nbsp;\u00bb, ils ouvrent les caveaux pour exhumer et transf\u00e9rer les corps dans des bo\u00eetes \u00e0 ossements. Toutes les structures ou monuments pr\u00e9sents sont totalement nettoy\u00e9s pour laisser une place parfaitement nette. Ces prestations se font dans le respect de r\u00e8gles d\u2019hygi\u00e8ne et de s\u00e9curit\u00e9 tr\u00e8s strictes avec un personnel expert en pompes fun\u00e8bres, form\u00e9s par le Choix Fun\u00e9raire, portant des combinaisons, gants et masques jetables. Par pr\u00e9caution, ils veillent \u00e0 installer une protection visuelle pour masquer l\u2019intervention ainsi que le transport des reliquaires de la vue du public. <\/p>\n\n\n\n<figure class=\"wp-block-gallery columns-3 is-cropped wp-block-gallery-1 is-layout-flex wp-block-gallery-is-layout-flex\"><ul class=\"blocks-gallery-grid\"><li class=\"blocks-gallery-item\"><figure><img decoding=\"async\" width=\"1024\" height=\"681\" src=\"https:\/\/www.pompes-funebres-santilly.com\/wp-content\/uploads\/2020\/08\/Photo_3-scaled-1024x681.jpg\" alt=\"\" data-id=\"24016\" data-link=\"https:\/\/www.pompes-funebres-santilly.com\/?attachment_id=24016\" class=\"wp-image-24016\" srcset=\"https:\/\/www.pompes-funebres-santilly.com\/wp-content\/uploads\/2020\/08\/Photo_3-scaled-1024x681.jpg 1024w, https:\/\/www.pompes-funebres-santilly.com\/wp-content\/uploads\/2020\/08\/Photo_3-scaled-300x199.jpg 300w, https:\/\/www.pompes-funebres-santilly.com\/wp-content\/uploads\/2020\/08\/Photo_3-768x511.jpg 768w, https:\/\/www.pompes-funebres-santilly.com\/wp-content\/uploads\/2020\/08\/Photo_3-scaled-1536x1021.jpg 1536w, https:\/\/www.pompes-funebres-santilly.com\/wp-content\/uploads\/2020\/08\/Photo_3-scaled-2048x1362.jpg 2048w\" sizes=\"(max-width: 1024px) 100vw, 1024px\" \/><\/figure><\/li><li class=\"blocks-gallery-item\"><figure><img decoding=\"async\" width=\"1024\" height=\"678\" src=\"https:\/\/www.pompes-funebres-santilly.com\/wp-content\/uploads\/2020\/08\/Photo_5-1-scaled-1024x678.jpg\" alt=\"\" data-id=\"24020\" data-link=\"https:\/\/www.pompes-funebres-santilly.com\/?attachment_id=24020\" class=\"wp-image-24020\" srcset=\"https:\/\/www.pompes-funebres-santilly.com\/wp-content\/uploads\/2020\/08\/Photo_5-1-scaled-1024x678.jpg 1024w, https:\/\/www.pompes-funebres-santilly.com\/wp-content\/uploads\/2020\/08\/Photo_5-1-scaled-300x199.jpg 300w, https:\/\/www.pompes-funebres-santilly.com\/wp-content\/uploads\/2020\/08\/Photo_5-1-768x509.jpg 768w, https:\/\/www.pompes-funebres-santilly.com\/wp-content\/uploads\/2020\/08\/Photo_5-1-scaled-1536x1017.jpg 1536w, https:\/\/www.pompes-funebres-santilly.com\/wp-content\/uploads\/2020\/08\/Photo_5-1-scaled-2048x1356.jpg 2048w\" sizes=\"(max-width: 1024px) 100vw, 1024px\" \/><\/figure><\/li><li class=\"blocks-gallery-item\"><figure><img decoding=\"async\" width=\"1024\" height=\"681\" src=\"https:\/\/www.pompes-funebres-santilly.com\/wp-content\/uploads\/2020\/08\/Photo_2-2-scaled-1024x681.jpg\" alt=\"\" data-id=\"24021\" data-full-url=\"https:\/\/www.pompes-funebres-santilly.com\/wp-content\/uploads\/2020\/08\/Photo_2-2-scaled.jpg\" data-link=\"https:\/\/www.pompes-funebres-santilly.com\/?attachment_id=24021\" class=\"wp-image-24021\" srcset=\"https:\/\/www.pompes-funebres-santilly.com\/wp-content\/uploads\/2020\/08\/Photo_2-2-scaled-1024x681.jpg 1024w, https:\/\/www.pompes-funebres-santilly.com\/wp-content\/uploads\/2020\/08\/Photo_2-2-scaled-300x199.jpg 300w, https:\/\/www.pompes-funebres-santilly.com\/wp-content\/uploads\/2020\/08\/Photo_2-2-768x511.jpg 768w, https:\/\/www.pompes-funebres-santilly.com\/wp-content\/uploads\/2020\/08\/Photo_2-2-scaled-1536x1021.jpg 1536w, https:\/\/www.pompes-funebres-santilly.com\/wp-content\/uploads\/2020\/08\/Photo_2-2-scaled-2048x1362.jpg 2048w\" sizes=\"(max-width: 1024px) 100vw, 1024px\" \/><\/figure><\/li><\/ul><\/figure>\n","protected":false},"excerpt":{"rendered":"<p>En tant que propri\u00e9taires des cimeti\u00e8res, les mairies sont en droit de reprendre possession de la parcelle de terrain occup\u00e9e par une concession fun\u00e9raire.<\/p>\n","protected":false},"author":3,"featured_media":24013,"comment_status":"closed","ping_status":"closed","sticky":false,"template":"","format":"standard","meta":{"_acf_changed":false,"footnotes":""},"categories":[371,387],"tags":[388,379],"class_list":["post-24012","post","type-post","status-publish","format-standard","has-post-thumbnail","hentry","category-agences","category-collectivite","tag-cimetiere","tag-ets-santilly"],"acf":false,"yoast_head":"<!-- This site is optimized with the Yoast SEO plugin v26.5 - https:\/\/yoast.com\/wordpress\/plugins\/seo\/ -->\n<title>Reprises de concessions Les \u00c9tablissements Santilly sollicit\u00e9s par la Mairie de Villemomble - Pompes Fun\u00e8bres Santilly<\/title>\n<meta name=\"description\" content=\"En tant que propri\u00e9taires des cimeti\u00e8res, les mairies sont en droit de reprendre possession de la parcelle de terrain occup\u00e9e par une concession fun\u00e9raire.\" \/>\n<meta name=\"robots\" content=\"index, follow, max-snippet:-1, max-image-preview:large, max-video-preview:-1\" \/>\n<link rel=\"canonical\" href=\"https:\/\/www.pompes-funebres-santilly.com\/fr\/2020\/08\/19\/reprises-de-concessions-les-etablissements-santilly-sollicites-par-la-mairie-de-villemomble\/\" \/>\n<meta property=\"og:locale\" content=\"fr_FR\" \/>\n<meta property=\"og:type\" content=\"article\" \/>\n<meta property=\"og:title\" content=\"Reprises de concessions Les \u00c9tablissements Santilly sollicit\u00e9s par la Mairie de Villemomble - Pompes Fun\u00e8bres Santilly\" \/>\n<meta property=\"og:description\" content=\"En tant que propri\u00e9taires des cimeti\u00e8res, les mairies sont en droit de reprendre possession de la parcelle de terrain occup\u00e9e par une concession fun\u00e9raire.\" \/>\n<meta property=\"og:url\" content=\"https:\/\/www.pompes-funebres-santilly.com\/fr\/2020\/08\/19\/reprises-de-concessions-les-etablissements-santilly-sollicites-par-la-mairie-de-villemomble\/\" \/>\n<meta property=\"og:site_name\" content=\"Pompes Fun\u00e8bres Santilly\" \/>\n<meta property=\"article:published_time\" content=\"2020-08-19T10:48:25+00:00\" \/>\n<meta property=\"article:modified_time\" content=\"2020-09-14T14:26:18+00:00\" \/>\n<meta property=\"og:image\" content=\"https:\/\/www.pompes-funebres-santilly.com\/wp-content\/uploads\/2020\/08\/Reprises-de-concession-scaled.jpg\" \/>\n\t<meta property=\"og:image:width\" content=\"2560\" \/>\n\t<meta property=\"og:image:height\" content=\"1481\" \/>\n\t<meta property=\"og:image:type\" content=\"image\/jpeg\" \/>\n<meta name=\"author\" content=\"Santilly\" \/>\n<meta name=\"twitter:card\" content=\"summary_large_image\" \/>\n<meta name=\"twitter:label1\" content=\"\u00c9crit par\" \/>\n\t<meta name=\"twitter:data1\" content=\"Santilly\" \/>\n\t<meta name=\"twitter:label2\" content=\"Dur\u00e9e de lecture est.\" \/>\n\t<meta name=\"twitter:data2\" content=\"1 minute\" \/>\n<script type=\"application\/ld+json\" class=\"yoast-schema-graph\">{\"@context\":\"https:\/\/schema.org\",\"@graph\":[{\"@type\":\"Article\",\"@id\":\"https:\/\/www.pompes-funebres-santilly.com\/fr\/2020\/08\/19\/reprises-de-concessions-les-etablissements-santilly-sollicites-par-la-mairie-de-villemomble\/#article\",\"isPartOf\":{\"@id\":\"https:\/\/www.pompes-funebres-santilly.com\/fr\/2020\/08\/19\/reprises-de-concessions-les-etablissements-santilly-sollicites-par-la-mairie-de-villemomble\/\"},\"author\":{\"name\":\"Santilly\",\"@id\":\"https:\/\/www.pompes-funebres-santilly.com\/fr\/#\/schema\/person\/3020f1c0bd1feb0868115366fb31cc95\"},\"headline\":\"Reprises de concessions Les \u00c9tablissements Santilly sollicit\u00e9s par la Mairie de Villemomble\",\"datePublished\":\"2020-08-19T10:48:25+00:00\",\"dateModified\":\"2020-09-14T14:26:18+00:00\",\"mainEntityOfPage\":{\"@id\":\"https:\/\/www.pompes-funebres-santilly.com\/fr\/2020\/08\/19\/reprises-de-concessions-les-etablissements-santilly-sollicites-par-la-mairie-de-villemomble\/\"},\"wordCount\":303,\"publisher\":{\"@id\":\"https:\/\/www.pompes-funebres-santilly.com\/fr\/#organization\"},\"image\":{\"@id\":\"https:\/\/www.pompes-funebres-santilly.com\/fr\/2020\/08\/19\/reprises-de-concessions-les-etablissements-santilly-sollicites-par-la-mairie-de-villemomble\/#primaryimage\"},\"thumbnailUrl\":\"https:\/\/www.pompes-funebres-santilly.com\/wp-content\/uploads\/2020\/08\/Reprises-de-concession-scaled.jpg\",\"keywords\":[\"Cimeti\u00e8re\",\"Ets Santilly\"],\"articleSection\":[\"Agences\",\"Collectivit\u00e9\"],\"inLanguage\":\"fr-FR\"},{\"@type\":\"WebPage\",\"@id\":\"https:\/\/www.pompes-funebres-santilly.com\/fr\/2020\/08\/19\/reprises-de-concessions-les-etablissements-santilly-sollicites-par-la-mairie-de-villemomble\/\",\"url\":\"https:\/\/www.pompes-funebres-santilly.com\/fr\/2020\/08\/19\/reprises-de-concessions-les-etablissements-santilly-sollicites-par-la-mairie-de-villemomble\/\",\"name\":\"Reprises de concessions Les \u00c9tablissements Santilly sollicit\u00e9s par la Mairie de Villemomble - Pompes Fun\u00e8bres Santilly\",\"isPartOf\":{\"@id\":\"https:\/\/www.pompes-funebres-santilly.com\/fr\/#website\"},\"primaryImageOfPage\":{\"@id\":\"https:\/\/www.pompes-funebres-santilly.com\/fr\/2020\/08\/19\/reprises-de-concessions-les-etablissements-santilly-sollicites-par-la-mairie-de-villemomble\/#primaryimage\"},\"image\":{\"@id\":\"https:\/\/www.pompes-funebres-santilly.com\/fr\/2020\/08\/19\/reprises-de-concessions-les-etablissements-santilly-sollicites-par-la-mairie-de-villemomble\/#primaryimage\"},\"thumbnailUrl\":\"https:\/\/www.pompes-funebres-santilly.com\/wp-content\/uploads\/2020\/08\/Reprises-de-concession-scaled.jpg\",\"datePublished\":\"2020-08-19T10:48:25+00:00\",\"dateModified\":\"2020-09-14T14:26:18+00:00\",\"description\":\"En tant que propri\u00e9taires des cimeti\u00e8res, les mairies sont en droit de reprendre possession de la parcelle de terrain occup\u00e9e par une concession fun\u00e9raire.\",\"breadcrumb\":{\"@id\":\"https:\/\/www.pompes-funebres-santilly.com\/fr\/2020\/08\/19\/reprises-de-concessions-les-etablissements-santilly-sollicites-par-la-mairie-de-villemomble\/#breadcrumb\"},\"inLanguage\":\"fr-FR\",\"potentialAction\":[{\"@type\":\"ReadAction\",\"target\":[\"https:\/\/www.pompes-funebres-santilly.com\/fr\/2020\/08\/19\/reprises-de-concessions-les-etablissements-santilly-sollicites-par-la-mairie-de-villemomble\/\"]}]},{\"@type\":\"ImageObject\",\"inLanguage\":\"fr-FR\",\"@id\":\"https:\/\/www.pompes-funebres-santilly.com\/fr\/2020\/08\/19\/reprises-de-concessions-les-etablissements-santilly-sollicites-par-la-mairie-de-villemomble\/#primaryimage\",\"url\":\"https:\/\/www.pompes-funebres-santilly.com\/wp-content\/uploads\/2020\/08\/Reprises-de-concession-scaled.jpg\",\"contentUrl\":\"https:\/\/www.pompes-funebres-santilly.com\/wp-content\/uploads\/2020\/08\/Reprises-de-concession-scaled.jpg\",\"width\":2560,\"height\":1481},{\"@type\":\"BreadcrumbList\",\"@id\":\"https:\/\/www.pompes-funebres-santilly.com\/fr\/2020\/08\/19\/reprises-de-concessions-les-etablissements-santilly-sollicites-par-la-mairie-de-villemomble\/#breadcrumb\",\"itemListElement\":[{\"@type\":\"ListItem\",\"position\":1,\"name\":\"Accueil\",\"item\":\"https:\/\/www.pompes-funebres-santilly.com\/fr\/\"},{\"@type\":\"ListItem\",\"position\":2,\"name\":\"Reprises de concessions Les \u00c9tablissements Santilly sollicit\u00e9s par la Mairie de Villemomble\"}]},{\"@type\":\"WebSite\",\"@id\":\"https:\/\/www.pompes-funebres-santilly.com\/fr\/#website\",\"url\":\"https:\/\/www.pompes-funebres-santilly.com\/fr\/\",\"name\":\"Pompes Fun\u00e8bres Santilly\",\"description\":\"\",\"publisher\":{\"@id\":\"https:\/\/www.pompes-funebres-santilly.com\/fr\/#organization\"},\"potentialAction\":[{\"@type\":\"SearchAction\",\"target\":{\"@type\":\"EntryPoint\",\"urlTemplate\":\"https:\/\/www.pompes-funebres-santilly.com\/fr\/?s={search_term_string}\"},\"query-input\":{\"@type\":\"PropertyValueSpecification\",\"valueRequired\":true,\"valueName\":\"search_term_string\"}}],\"inLanguage\":\"fr-FR\"},{\"@type\":\"Organization\",\"@id\":\"https:\/\/www.pompes-funebres-santilly.com\/fr\/#organization\",\"name\":\"LCF Santilly\",\"url\":\"https:\/\/www.pompes-funebres-santilly.com\/fr\/\",\"logo\":{\"@type\":\"ImageObject\",\"inLanguage\":\"fr-FR\",\"@id\":\"https:\/\/www.pompes-funebres-santilly.com\/fr\/#\/schema\/logo\/image\/\",\"url\":\"https:\/\/www.pompes-funebres-santilly.com\/wp-content\/uploads\/2019\/12\/logo-1.png\",\"contentUrl\":\"https:\/\/www.pompes-funebres-santilly.com\/wp-content\/uploads\/2019\/12\/logo-1.png\",\"width\":433,\"height\":115,\"caption\":\"LCF Santilly\"},\"image\":{\"@id\":\"https:\/\/www.pompes-funebres-santilly.com\/fr\/#\/schema\/logo\/image\/\"}},{\"@type\":\"Person\",\"@id\":\"https:\/\/www.pompes-funebres-santilly.com\/fr\/#\/schema\/person\/3020f1c0bd1feb0868115366fb31cc95\",\"name\":\"Santilly\",\"image\":{\"@type\":\"ImageObject\",\"inLanguage\":\"fr-FR\",\"@id\":\"https:\/\/www.pompes-funebres-santilly.com\/fr\/#\/schema\/person\/image\/\",\"url\":\"https:\/\/secure.gravatar.com\/avatar\/d08e8b9ec21a434951053c5533e88ebcb4c108593887fce4d87fda56ac806b28?s=96&d=mm&r=g\",\"contentUrl\":\"https:\/\/secure.gravatar.com\/avatar\/d08e8b9ec21a434951053c5533e88ebcb4c108593887fce4d87fda56ac806b28?s=96&d=mm&r=g\",\"caption\":\"Santilly\"}}]}<\/script>\n<!-- \/ Yoast SEO plugin. -->","yoast_head_json":{"title":"Reprises de concessions Les \u00c9tablissements Santilly sollicit\u00e9s par la Mairie de Villemomble - Pompes Fun\u00e8bres Santilly","description":"En tant que propri\u00e9taires des cimeti\u00e8res, les mairies sont en droit de reprendre possession de la parcelle de terrain occup\u00e9e par une concession fun\u00e9raire.","robots":{"index":"index","follow":"follow","max-snippet":"max-snippet:-1","max-image-preview":"max-image-preview:large","max-video-preview":"max-video-preview:-1"},"canonical":"https:\/\/www.pompes-funebres-santilly.com\/fr\/2020\/08\/19\/reprises-de-concessions-les-etablissements-santilly-sollicites-par-la-mairie-de-villemomble\/","og_locale":"fr_FR","og_type":"article","og_title":"Reprises de concessions Les \u00c9tablissements Santilly sollicit\u00e9s par la Mairie de Villemomble - Pompes Fun\u00e8bres Santilly","og_description":"En tant que propri\u00e9taires des cimeti\u00e8res, les mairies sont en droit de reprendre possession de la parcelle de terrain occup\u00e9e par une concession fun\u00e9raire.","og_url":"https:\/\/www.pompes-funebres-santilly.com\/fr\/2020\/08\/19\/reprises-de-concessions-les-etablissements-santilly-sollicites-par-la-mairie-de-villemomble\/","og_site_name":"Pompes Fun\u00e8bres Santilly","article_published_time":"2020-08-19T10:48:25+00:00","article_modified_time":"2020-09-14T14:26:18+00:00","og_image":[{"width":2560,"height":1481,"url":"https:\/\/www.pompes-funebres-santilly.com\/wp-content\/uploads\/2020\/08\/Reprises-de-concession-scaled.jpg","type":"image\/jpeg"}],"author":"Santilly","twitter_card":"summary_large_image","twitter_misc":{"\u00c9crit par":"Santilly","Dur\u00e9e de lecture est.":"1 minute"},"schema":{"@context":"https:\/\/schema.org","@graph":[{"@type":"Article","@id":"https:\/\/www.pompes-funebres-santilly.com\/fr\/2020\/08\/19\/reprises-de-concessions-les-etablissements-santilly-sollicites-par-la-mairie-de-villemomble\/#article","isPartOf":{"@id":"https:\/\/www.pompes-funebres-santilly.com\/fr\/2020\/08\/19\/reprises-de-concessions-les-etablissements-santilly-sollicites-par-la-mairie-de-villemomble\/"},"author":{"name":"Santilly","@id":"https:\/\/www.pompes-funebres-santilly.com\/fr\/#\/schema\/person\/3020f1c0bd1feb0868115366fb31cc95"},"headline":"Reprises de concessions Les \u00c9tablissements Santilly sollicit\u00e9s par la Mairie de Villemomble","datePublished":"2020-08-19T10:48:25+00:00","dateModified":"2020-09-14T14:26:18+00:00","mainEntityOfPage":{"@id":"https:\/\/www.pompes-funebres-santilly.com\/fr\/2020\/08\/19\/reprises-de-concessions-les-etablissements-santilly-sollicites-par-la-mairie-de-villemomble\/"},"wordCount":303,"publisher":{"@id":"https:\/\/www.pompes-funebres-santilly.com\/fr\/#organization"},"image":{"@id":"https:\/\/www.pompes-funebres-santilly.com\/fr\/2020\/08\/19\/reprises-de-concessions-les-etablissements-santilly-sollicites-par-la-mairie-de-villemomble\/#primaryimage"},"thumbnailUrl":"https:\/\/www.pompes-funebres-santilly.com\/wp-content\/uploads\/2020\/08\/Reprises-de-concession-scaled.jpg","keywords":["Cimeti\u00e8re","Ets Santilly"],"articleSection":["Agences","Collectivit\u00e9"],"inLanguage":"fr-FR"},{"@type":"WebPage","@id":"https:\/\/www.pompes-funebres-santilly.com\/fr\/2020\/08\/19\/reprises-de-concessions-les-etablissements-santilly-sollicites-par-la-mairie-de-villemomble\/","url":"https:\/\/www.pompes-funebres-santilly.com\/fr\/2020\/08\/19\/reprises-de-concessions-les-etablissements-santilly-sollicites-par-la-mairie-de-villemomble\/","name":"Reprises de concessions Les \u00c9tablissements Santilly sollicit\u00e9s par la Mairie de Villemomble - Pompes Fun\u00e8bres Santilly","isPartOf":{"@id":"https:\/\/www.pompes-funebres-santilly.com\/fr\/#website"},"primaryImageOfPage":{"@id":"https:\/\/www.pompes-funebres-santilly.com\/fr\/2020\/08\/19\/reprises-de-concessions-les-etablissements-santilly-sollicites-par-la-mairie-de-villemomble\/#primaryimage"},"image":{"@id":"https:\/\/www.pompes-funebres-santilly.com\/fr\/2020\/08\/19\/reprises-de-concessions-les-etablissements-santilly-sollicites-par-la-mairie-de-villemomble\/#primaryimage"},"thumbnailUrl":"https:\/\/www.pompes-funebres-santilly.com\/wp-content\/uploads\/2020\/08\/Reprises-de-concession-scaled.jpg","datePublished":"2020-08-19T10:48:25+00:00","dateModified":"2020-09-14T14:26:18+00:00","description":"En tant que propri\u00e9taires des cimeti\u00e8res, les mairies sont en droit de reprendre possession de la parcelle de terrain occup\u00e9e par une concession fun\u00e9raire.","breadcrumb":{"@id":"https:\/\/www.pompes-funebres-santilly.com\/fr\/2020\/08\/19\/reprises-de-concessions-les-etablissements-santilly-sollicites-par-la-mairie-de-villemomble\/#breadcrumb"},"inLanguage":"fr-FR","potentialAction":[{"@type":"ReadAction","target":["https:\/\/www.pompes-funebres-santilly.com\/fr\/2020\/08\/19\/reprises-de-concessions-les-etablissements-santilly-sollicites-par-la-mairie-de-villemomble\/"]}]},{"@type":"ImageObject","inLanguage":"fr-FR","@id":"https:\/\/www.pompes-funebres-santilly.com\/fr\/2020\/08\/19\/reprises-de-concessions-les-etablissements-santilly-sollicites-par-la-mairie-de-villemomble\/#primaryimage","url":"https:\/\/www.pompes-funebres-santilly.com\/wp-content\/uploads\/2020\/08\/Reprises-de-concession-scaled.jpg","contentUrl":"https:\/\/www.pompes-funebres-santilly.com\/wp-content\/uploads\/2020\/08\/Reprises-de-concession-scaled.jpg","width":2560,"height":1481},{"@type":"BreadcrumbList","@id":"https:\/\/www.pompes-funebres-santilly.com\/fr\/2020\/08\/19\/reprises-de-concessions-les-etablissements-santilly-sollicites-par-la-mairie-de-villemomble\/#breadcrumb","itemListElement":[{"@type":"ListItem","position":1,"name":"Accueil","item":"https:\/\/www.pompes-funebres-santilly.com\/fr\/"},{"@type":"ListItem","position":2,"name":"Reprises de concessions Les \u00c9tablissements Santilly sollicit\u00e9s par la Mairie de Villemomble"}]},{"@type":"WebSite","@id":"https:\/\/www.pompes-funebres-santilly.com\/fr\/#website","url":"https:\/\/www.pompes-funebres-santilly.com\/fr\/","name":"Pompes Fun\u00e8bres Santilly","description":"","publisher":{"@id":"https:\/\/www.pompes-funebres-santilly.com\/fr\/#organization"},"potentialAction":[{"@type":"SearchAction","target":{"@type":"EntryPoint","urlTemplate":"https:\/\/www.pompes-funebres-santilly.com\/fr\/?s={search_term_string}"},"query-input":{"@type":"PropertyValueSpecification","valueRequired":true,"valueName":"search_term_string"}}],"inLanguage":"fr-FR"},{"@type":"Organization","@id":"https:\/\/www.pompes-funebres-santilly.com\/fr\/#organization","name":"LCF Santilly","url":"https:\/\/www.pompes-funebres-santilly.com\/fr\/","logo":{"@type":"ImageObject","inLanguage":"fr-FR","@id":"https:\/\/www.pompes-funebres-santilly.com\/fr\/#\/schema\/logo\/image\/","url":"https:\/\/www.pompes-funebres-santilly.com\/wp-content\/uploads\/2019\/12\/logo-1.png","contentUrl":"https:\/\/www.pompes-funebres-santilly.com\/wp-content\/uploads\/2019\/12\/logo-1.png","width":433,"height":115,"caption":"LCF Santilly"},"image":{"@id":"https:\/\/www.pompes-funebres-santilly.com\/fr\/#\/schema\/logo\/image\/"}},{"@type":"Person","@id":"https:\/\/www.pompes-funebres-santilly.com\/fr\/#\/schema\/person\/3020f1c0bd1feb0868115366fb31cc95","name":"Santilly","image":{"@type":"ImageObject","inLanguage":"fr-FR","@id":"https:\/\/www.pompes-funebres-santilly.com\/fr\/#\/schema\/person\/image\/","url":"https:\/\/secure.gravatar.com\/avatar\/d08e8b9ec21a434951053c5533e88ebcb4c108593887fce4d87fda56ac806b28?s=96&d=mm&r=g","contentUrl":"https:\/\/secure.gravatar.com\/avatar\/d08e8b9ec21a434951053c5533e88ebcb4c108593887fce4d87fda56ac806b28?s=96&d=mm&r=g","caption":"Santilly"}}]}},"_links":{"self":[{"href":"https:\/\/www.pompes-funebres-santilly.com\/fr\/wp-json\/wp\/v2\/posts\/24012","targetHints":{"allow":["GET"]}}],"collection":[{"href":"https:\/\/www.pompes-funebres-santilly.com\/fr\/wp-json\/wp\/v2\/posts"}],"about":[{"href":"https:\/\/www.pompes-funebres-santilly.com\/fr\/wp-json\/wp\/v2\/types\/post"}],"author":[{"embeddable":true,"href":"https:\/\/www.pompes-funebres-santilly.com\/fr\/wp-json\/wp\/v2\/users\/3"}],"replies":[{"embeddable":true,"href":"https:\/\/www.pompes-funebres-santilly.com\/fr\/wp-json\/wp\/v2\/comments?post=24012"}],"version-history":[{"count":5,"href":"https:\/\/www.pompes-funebres-santilly.com\/fr\/wp-json\/wp\/v2\/posts\/24012\/revisions"}],"predecessor-version":[{"id":24169,"href":"https:\/\/www.pompes-funebres-santilly.com\/fr\/wp-json\/wp\/v2\/posts\/24012\/revisions\/24169"}],"wp:featuredmedia":[{"embeddable":true,"href":"https:\/\/www.pompes-funebres-santilly.com\/fr\/wp-json\/wp\/v2\/media\/24013"}],"wp:attachment":[{"href":"https:\/\/www.pompes-funebres-santilly.com\/fr\/wp-json\/wp\/v2\/media?parent=24012"}],"wp:term":[{"taxonomy":"category","embeddable":true,"href":"https:\/\/www.pompes-funebres-santilly.com\/fr\/wp-json\/wp\/v2\/categories?post=24012"},{"taxonomy":"post_tag","embeddable":true,"href":"https:\/\/www.pompes-funebres-santilly.com\/fr\/wp-json\/wp\/v2\/tags?post=24012"}],"curies":[{"name":"wp","href":"https:\/\/api.w.org\/{rel}","templated":true}]}}