{"id":23756,"date":"2020-08-07T15:33:47","date_gmt":"2020-08-07T13:33:47","guid":{"rendered":"https:\/\/www.pompes-funebres-santilly.com\/?p=23756"},"modified":"2020-09-14T16:23:59","modified_gmt":"2020-09-14T14:23:59","slug":"operation-destockage-cest-le-moment-de-penser-monuments","status":"publish","type":"post","link":"https:\/\/www.pompes-funebres-santilly.com\/fr\/2020\/08\/07\/operation-destockage-cest-le-moment-de-penser-monuments\/","title":{"rendered":"OPERATION D\u00c9STOCKAGE C\u2019est le moment de penser monuments"},"content":{"rendered":"\n<p><strong>Pendant 2 mois, du 1<sup>er<\/sup> aout au 30 septembre tr\u00e8s exactement, les Etablissements Santilly ont d\u00e9cid\u00e9 de proc\u00e9der \u00e0 un d\u00e9stockage de monuments fun\u00e9raires. Pour l\u2019occasion, il est possible de profiter de promotions avec des remises exceptionnelles de pr\u00e8s de 40%.<\/strong><\/p>\n\n\n\n<p>Investir dans un monument fun\u00e9raire est la plus belle fa\u00e7on d\u2019offrir \u00e0 vos proches disparus une derni\u00e8re demeure qui leur rende v\u00e9ritablement hommage. La s\u00e9lection rigoureuse qu\u2019op\u00e8rent les Etablissements Santilly en termes d\u2019exigence. <\/p>\n\n\n\n<p>Cet \u00e9t\u00e9 vous offre l\u2019opportunit\u00e9 tant attendue pour concr\u00e9tiser ce projet en acqu\u00e9rant un monument fun\u00e9raire \u00e0 la hauteur de vos esp\u00e9rances. En effet, pendant les mois d\u2019aout et de septembre, les Etablissements Santilly proc\u00e8dent \u00e0 un d\u00e9stockage de monuments sur lesquels des remises exceptionnelles vous sont accord\u00e9es. Ainsi le tr\u00e8s joli monument fun\u00e9raire en granit Zeta, propos\u00e9 initialement au prix de 1787\u20acTTC est accessible pour 1099\u20acTTC* pendant toute cette p\u00e9riode. Au-del\u00e0 du fait que cette op\u00e9ration soit limit\u00e9e dans le temps, les promotions sont \u00e9galement limit\u00e9es au stock de monuments disponibles, si vous d\u00e9cidez d\u2019acqu\u00e9rir l\u2019un des monuments en stock, sachez que les Etablissements Santilly s\u2019engagent \u00e0 r\u00e9aliser la pose dans les meilleurs d\u00e9lais.<\/p>\n\n\n\n<p>Renseignez-vous sans tarder sur la s\u00e9lection qui concerne cette offre dans votre <a href=\"https:\/\/www.pompes-funebres-santilly.com\/fr\/nos-agences\/\">agence Santilly la plus proche<\/a>.<\/p>\n\n\n\n<p>*Tarif TTC hors pose, hors semelle, hors gravure. Dans la limite des stocks disponibles.<\/p>\n","protected":false},"excerpt":{"rendered":"<p>Pendant 2 mois, du 1er aout au 30 septembre tr\u00e8s exactement, les Etablissements Santilly ont d\u00e9cid\u00e9 de proc\u00e9der \u00e0 un d\u00e9stockage de monuments fun\u00e9raires.<\/p>\n","protected":false},"author":3,"featured_media":23917,"comment_status":"closed","ping_status":"closed","sticky":false,"template":"","format":"standard","meta":{"_acf_changed":false,"footnotes":""},"categories":[371],"tags":[379,383,384,386],"class_list":["post-23756","post","type-post","status-publish","format-standard","has-post-thumbnail","hentry","category-agences","tag-ets-santilly","tag-monuments","tag-pierre-tombales","tag-promotions"],"acf":false,"yoast_head":"<!-- This site is optimized with the Yoast SEO plugin v26.5 - https:\/\/yoast.com\/wordpress\/plugins\/seo\/ -->\n<title>OPERATION D\u00c9STOCKAGE C\u2019est le moment de penser monuments - Pompes Fun\u00e8bres Santilly<\/title>\n<meta name=\"description\" content=\"Pendant 2 mois, du 1er aout au 30 septembre tr\u00e8s exactement, les Etablissements Santilly ont d\u00e9cid\u00e9 de proc\u00e9der \u00e0 un d\u00e9stockage de monuments fun\u00e9raires.\" \/>\n<meta name=\"robots\" content=\"index, follow, max-snippet:-1, max-image-preview:large, max-video-preview:-1\" \/>\n<link rel=\"canonical\" href=\"https:\/\/www.pompes-funebres-santilly.com\/fr\/2020\/08\/07\/operation-destockage-cest-le-moment-de-penser-monuments\/\" \/>\n<meta property=\"og:locale\" content=\"fr_FR\" \/>\n<meta property=\"og:type\" content=\"article\" \/>\n<meta property=\"og:title\" content=\"OPERATION D\u00c9STOCKAGE C\u2019est le moment de penser monuments - Pompes Fun\u00e8bres Santilly\" \/>\n<meta property=\"og:description\" content=\"Pendant 2 mois, du 1er aout au 30 septembre tr\u00e8s exactement, les Etablissements Santilly ont d\u00e9cid\u00e9 de proc\u00e9der \u00e0 un d\u00e9stockage de monuments fun\u00e9raires.\" \/>\n<meta property=\"og:url\" content=\"https:\/\/www.pompes-funebres-santilly.com\/fr\/2020\/08\/07\/operation-destockage-cest-le-moment-de-penser-monuments\/\" \/>\n<meta property=\"og:site_name\" content=\"Pompes Fun\u00e8bres Santilly\" \/>\n<meta property=\"article:published_time\" content=\"2020-08-07T13:33:47+00:00\" \/>\n<meta property=\"article:modified_time\" content=\"2020-09-14T14:23:59+00:00\" \/>\n<meta property=\"og:image\" content=\"https:\/\/www.pompes-funebres-santilly.com\/wp-content\/uploads\/2020\/08\/Monument_actualie\u0301_Ets_Santilly-1.jpg\" \/>\n\t<meta property=\"og:image:width\" content=\"2362\" \/>\n\t<meta property=\"og:image:height\" content=\"1293\" \/>\n\t<meta property=\"og:image:type\" content=\"image\/jpeg\" \/>\n<meta name=\"author\" content=\"Santilly\" \/>\n<meta name=\"twitter:card\" content=\"summary_large_image\" \/>\n<meta name=\"twitter:label1\" content=\"\u00c9crit par\" \/>\n\t<meta name=\"twitter:data1\" content=\"Santilly\" \/>\n\t<meta name=\"twitter:label2\" content=\"Dur\u00e9e de lecture est.\" \/>\n\t<meta name=\"twitter:data2\" content=\"1 minute\" \/>\n<script type=\"application\/ld+json\" class=\"yoast-schema-graph\">{\"@context\":\"https:\/\/schema.org\",\"@graph\":[{\"@type\":\"Article\",\"@id\":\"https:\/\/www.pompes-funebres-santilly.com\/fr\/2020\/08\/07\/operation-destockage-cest-le-moment-de-penser-monuments\/#article\",\"isPartOf\":{\"@id\":\"https:\/\/www.pompes-funebres-santilly.com\/fr\/2020\/08\/07\/operation-destockage-cest-le-moment-de-penser-monuments\/\"},\"author\":{\"name\":\"Santilly\",\"@id\":\"https:\/\/www.pompes-funebres-santilly.com\/fr\/#\/schema\/person\/3020f1c0bd1feb0868115366fb31cc95\"},\"headline\":\"OPERATION D\u00c9STOCKAGE C\u2019est le moment de penser monuments\",\"datePublished\":\"2020-08-07T13:33:47+00:00\",\"dateModified\":\"2020-09-14T14:23:59+00:00\",\"mainEntityOfPage\":{\"@id\":\"https:\/\/www.pompes-funebres-santilly.com\/fr\/2020\/08\/07\/operation-destockage-cest-le-moment-de-penser-monuments\/\"},\"wordCount\":261,\"publisher\":{\"@id\":\"https:\/\/www.pompes-funebres-santilly.com\/fr\/#organization\"},\"image\":{\"@id\":\"https:\/\/www.pompes-funebres-santilly.com\/fr\/2020\/08\/07\/operation-destockage-cest-le-moment-de-penser-monuments\/#primaryimage\"},\"thumbnailUrl\":\"https:\/\/www.pompes-funebres-santilly.com\/wp-content\/uploads\/2020\/08\/Monument_actualie\u0301_Ets_Santilly-1.jpg\",\"keywords\":[\"Ets Santilly\",\"Monuments\",\"Pierre tombales\",\"Promotions\"],\"articleSection\":[\"Agences\"],\"inLanguage\":\"fr-FR\"},{\"@type\":\"WebPage\",\"@id\":\"https:\/\/www.pompes-funebres-santilly.com\/fr\/2020\/08\/07\/operation-destockage-cest-le-moment-de-penser-monuments\/\",\"url\":\"https:\/\/www.pompes-funebres-santilly.com\/fr\/2020\/08\/07\/operation-destockage-cest-le-moment-de-penser-monuments\/\",\"name\":\"OPERATION D\u00c9STOCKAGE C\u2019est le moment de penser monuments - Pompes Fun\u00e8bres Santilly\",\"isPartOf\":{\"@id\":\"https:\/\/www.pompes-funebres-santilly.com\/fr\/#website\"},\"primaryImageOfPage\":{\"@id\":\"https:\/\/www.pompes-funebres-santilly.com\/fr\/2020\/08\/07\/operation-destockage-cest-le-moment-de-penser-monuments\/#primaryimage\"},\"image\":{\"@id\":\"https:\/\/www.pompes-funebres-santilly.com\/fr\/2020\/08\/07\/operation-destockage-cest-le-moment-de-penser-monuments\/#primaryimage\"},\"thumbnailUrl\":\"https:\/\/www.pompes-funebres-santilly.com\/wp-content\/uploads\/2020\/08\/Monument_actualie\u0301_Ets_Santilly-1.jpg\",\"datePublished\":\"2020-08-07T13:33:47+00:00\",\"dateModified\":\"2020-09-14T14:23:59+00:00\",\"description\":\"Pendant 2 mois, du 1er aout au 30 septembre tr\u00e8s exactement, les Etablissements Santilly ont d\u00e9cid\u00e9 de proc\u00e9der \u00e0 un d\u00e9stockage de monuments fun\u00e9raires.\",\"breadcrumb\":{\"@id\":\"https:\/\/www.pompes-funebres-santilly.com\/fr\/2020\/08\/07\/operation-destockage-cest-le-moment-de-penser-monuments\/#breadcrumb\"},\"inLanguage\":\"fr-FR\",\"potentialAction\":[{\"@type\":\"ReadAction\",\"target\":[\"https:\/\/www.pompes-funebres-santilly.com\/fr\/2020\/08\/07\/operation-destockage-cest-le-moment-de-penser-monuments\/\"]}]},{\"@type\":\"ImageObject\",\"inLanguage\":\"fr-FR\",\"@id\":\"https:\/\/www.pompes-funebres-santilly.com\/fr\/2020\/08\/07\/operation-destockage-cest-le-moment-de-penser-monuments\/#primaryimage\",\"url\":\"https:\/\/www.pompes-funebres-santilly.com\/wp-content\/uploads\/2020\/08\/Monument_actualie\u0301_Ets_Santilly-1.jpg\",\"contentUrl\":\"https:\/\/www.pompes-funebres-santilly.com\/wp-content\/uploads\/2020\/08\/Monument_actualie\u0301_Ets_Santilly-1.jpg\",\"width\":2362,\"height\":1293},{\"@type\":\"BreadcrumbList\",\"@id\":\"https:\/\/www.pompes-funebres-santilly.com\/fr\/2020\/08\/07\/operation-destockage-cest-le-moment-de-penser-monuments\/#breadcrumb\",\"itemListElement\":[{\"@type\":\"ListItem\",\"position\":1,\"name\":\"Accueil\",\"item\":\"https:\/\/www.pompes-funebres-santilly.com\/fr\/\"},{\"@type\":\"ListItem\",\"position\":2,\"name\":\"OPERATION D\u00c9STOCKAGE C\u2019est le moment de penser monuments\"}]},{\"@type\":\"WebSite\",\"@id\":\"https:\/\/www.pompes-funebres-santilly.com\/fr\/#website\",\"url\":\"https:\/\/www.pompes-funebres-santilly.com\/fr\/\",\"name\":\"Pompes Fun\u00e8bres Santilly\",\"description\":\"\",\"publisher\":{\"@id\":\"https:\/\/www.pompes-funebres-santilly.com\/fr\/#organization\"},\"potentialAction\":[{\"@type\":\"SearchAction\",\"target\":{\"@type\":\"EntryPoint\",\"urlTemplate\":\"https:\/\/www.pompes-funebres-santilly.com\/fr\/?s={search_term_string}\"},\"query-input\":{\"@type\":\"PropertyValueSpecification\",\"valueRequired\":true,\"valueName\":\"search_term_string\"}}],\"inLanguage\":\"fr-FR\"},{\"@type\":\"Organization\",\"@id\":\"https:\/\/www.pompes-funebres-santilly.com\/fr\/#organization\",\"name\":\"LCF Santilly\",\"url\":\"https:\/\/www.pompes-funebres-santilly.com\/fr\/\",\"logo\":{\"@type\":\"ImageObject\",\"inLanguage\":\"fr-FR\",\"@id\":\"https:\/\/www.pompes-funebres-santilly.com\/fr\/#\/schema\/logo\/image\/\",\"url\":\"https:\/\/www.pompes-funebres-santilly.com\/wp-content\/uploads\/2019\/12\/logo-1.png\",\"contentUrl\":\"https:\/\/www.pompes-funebres-santilly.com\/wp-content\/uploads\/2019\/12\/logo-1.png\",\"width\":433,\"height\":115,\"caption\":\"LCF Santilly\"},\"image\":{\"@id\":\"https:\/\/www.pompes-funebres-santilly.com\/fr\/#\/schema\/logo\/image\/\"}},{\"@type\":\"Person\",\"@id\":\"https:\/\/www.pompes-funebres-santilly.com\/fr\/#\/schema\/person\/3020f1c0bd1feb0868115366fb31cc95\",\"name\":\"Santilly\",\"image\":{\"@type\":\"ImageObject\",\"inLanguage\":\"fr-FR\",\"@id\":\"https:\/\/www.pompes-funebres-santilly.com\/fr\/#\/schema\/person\/image\/\",\"url\":\"https:\/\/secure.gravatar.com\/avatar\/d08e8b9ec21a434951053c5533e88ebcb4c108593887fce4d87fda56ac806b28?s=96&d=mm&r=g\",\"contentUrl\":\"https:\/\/secure.gravatar.com\/avatar\/d08e8b9ec21a434951053c5533e88ebcb4c108593887fce4d87fda56ac806b28?s=96&d=mm&r=g\",\"caption\":\"Santilly\"}}]}<\/script>\n<!-- \/ Yoast SEO plugin. -->","yoast_head_json":{"title":"OPERATION D\u00c9STOCKAGE C\u2019est le moment de penser monuments - Pompes Fun\u00e8bres Santilly","description":"Pendant 2 mois, du 1er aout au 30 septembre tr\u00e8s exactement, les Etablissements Santilly ont d\u00e9cid\u00e9 de proc\u00e9der \u00e0 un d\u00e9stockage de monuments fun\u00e9raires.","robots":{"index":"index","follow":"follow","max-snippet":"max-snippet:-1","max-image-preview":"max-image-preview:large","max-video-preview":"max-video-preview:-1"},"canonical":"https:\/\/www.pompes-funebres-santilly.com\/fr\/2020\/08\/07\/operation-destockage-cest-le-moment-de-penser-monuments\/","og_locale":"fr_FR","og_type":"article","og_title":"OPERATION D\u00c9STOCKAGE C\u2019est le moment de penser monuments - Pompes Fun\u00e8bres Santilly","og_description":"Pendant 2 mois, du 1er aout au 30 septembre tr\u00e8s exactement, les Etablissements Santilly ont d\u00e9cid\u00e9 de proc\u00e9der \u00e0 un d\u00e9stockage de monuments fun\u00e9raires.","og_url":"https:\/\/www.pompes-funebres-santilly.com\/fr\/2020\/08\/07\/operation-destockage-cest-le-moment-de-penser-monuments\/","og_site_name":"Pompes Fun\u00e8bres Santilly","article_published_time":"2020-08-07T13:33:47+00:00","article_modified_time":"2020-09-14T14:23:59+00:00","og_image":[{"width":2362,"height":1293,"url":"https:\/\/www.pompes-funebres-santilly.com\/wp-content\/uploads\/2020\/08\/Monument_actualie\u0301_Ets_Santilly-1.jpg","type":"image\/jpeg"}],"author":"Santilly","twitter_card":"summary_large_image","twitter_misc":{"\u00c9crit par":"Santilly","Dur\u00e9e de lecture est.":"1 minute"},"schema":{"@context":"https:\/\/schema.org","@graph":[{"@type":"Article","@id":"https:\/\/www.pompes-funebres-santilly.com\/fr\/2020\/08\/07\/operation-destockage-cest-le-moment-de-penser-monuments\/#article","isPartOf":{"@id":"https:\/\/www.pompes-funebres-santilly.com\/fr\/2020\/08\/07\/operation-destockage-cest-le-moment-de-penser-monuments\/"},"author":{"name":"Santilly","@id":"https:\/\/www.pompes-funebres-santilly.com\/fr\/#\/schema\/person\/3020f1c0bd1feb0868115366fb31cc95"},"headline":"OPERATION D\u00c9STOCKAGE C\u2019est le moment de penser monuments","datePublished":"2020-08-07T13:33:47+00:00","dateModified":"2020-09-14T14:23:59+00:00","mainEntityOfPage":{"@id":"https:\/\/www.pompes-funebres-santilly.com\/fr\/2020\/08\/07\/operation-destockage-cest-le-moment-de-penser-monuments\/"},"wordCount":261,"publisher":{"@id":"https:\/\/www.pompes-funebres-santilly.com\/fr\/#organization"},"image":{"@id":"https:\/\/www.pompes-funebres-santilly.com\/fr\/2020\/08\/07\/operation-destockage-cest-le-moment-de-penser-monuments\/#primaryimage"},"thumbnailUrl":"https:\/\/www.pompes-funebres-santilly.com\/wp-content\/uploads\/2020\/08\/Monument_actualie\u0301_Ets_Santilly-1.jpg","keywords":["Ets Santilly","Monuments","Pierre tombales","Promotions"],"articleSection":["Agences"],"inLanguage":"fr-FR"},{"@type":"WebPage","@id":"https:\/\/www.pompes-funebres-santilly.com\/fr\/2020\/08\/07\/operation-destockage-cest-le-moment-de-penser-monuments\/","url":"https:\/\/www.pompes-funebres-santilly.com\/fr\/2020\/08\/07\/operation-destockage-cest-le-moment-de-penser-monuments\/","name":"OPERATION D\u00c9STOCKAGE C\u2019est le moment de penser monuments - Pompes Fun\u00e8bres Santilly","isPartOf":{"@id":"https:\/\/www.pompes-funebres-santilly.com\/fr\/#website"},"primaryImageOfPage":{"@id":"https:\/\/www.pompes-funebres-santilly.com\/fr\/2020\/08\/07\/operation-destockage-cest-le-moment-de-penser-monuments\/#primaryimage"},"image":{"@id":"https:\/\/www.pompes-funebres-santilly.com\/fr\/2020\/08\/07\/operation-destockage-cest-le-moment-de-penser-monuments\/#primaryimage"},"thumbnailUrl":"https:\/\/www.pompes-funebres-santilly.com\/wp-content\/uploads\/2020\/08\/Monument_actualie\u0301_Ets_Santilly-1.jpg","datePublished":"2020-08-07T13:33:47+00:00","dateModified":"2020-09-14T14:23:59+00:00","description":"Pendant 2 mois, du 1er aout au 30 septembre tr\u00e8s exactement, les Etablissements Santilly ont d\u00e9cid\u00e9 de proc\u00e9der \u00e0 un d\u00e9stockage de monuments fun\u00e9raires.","breadcrumb":{"@id":"https:\/\/www.pompes-funebres-santilly.com\/fr\/2020\/08\/07\/operation-destockage-cest-le-moment-de-penser-monuments\/#breadcrumb"},"inLanguage":"fr-FR","potentialAction":[{"@type":"ReadAction","target":["https:\/\/www.pompes-funebres-santilly.com\/fr\/2020\/08\/07\/operation-destockage-cest-le-moment-de-penser-monuments\/"]}]},{"@type":"ImageObject","inLanguage":"fr-FR","@id":"https:\/\/www.pompes-funebres-santilly.com\/fr\/2020\/08\/07\/operation-destockage-cest-le-moment-de-penser-monuments\/#primaryimage","url":"https:\/\/www.pompes-funebres-santilly.com\/wp-content\/uploads\/2020\/08\/Monument_actualie\u0301_Ets_Santilly-1.jpg","contentUrl":"https:\/\/www.pompes-funebres-santilly.com\/wp-content\/uploads\/2020\/08\/Monument_actualie\u0301_Ets_Santilly-1.jpg","width":2362,"height":1293},{"@type":"BreadcrumbList","@id":"https:\/\/www.pompes-funebres-santilly.com\/fr\/2020\/08\/07\/operation-destockage-cest-le-moment-de-penser-monuments\/#breadcrumb","itemListElement":[{"@type":"ListItem","position":1,"name":"Accueil","item":"https:\/\/www.pompes-funebres-santilly.com\/fr\/"},{"@type":"ListItem","position":2,"name":"OPERATION D\u00c9STOCKAGE C\u2019est le moment de penser monuments"}]},{"@type":"WebSite","@id":"https:\/\/www.pompes-funebres-santilly.com\/fr\/#website","url":"https:\/\/www.pompes-funebres-santilly.com\/fr\/","name":"Pompes Fun\u00e8bres Santilly","description":"","publisher":{"@id":"https:\/\/www.pompes-funebres-santilly.com\/fr\/#organization"},"potentialAction":[{"@type":"SearchAction","target":{"@type":"EntryPoint","urlTemplate":"https:\/\/www.pompes-funebres-santilly.com\/fr\/?s={search_term_string}"},"query-input":{"@type":"PropertyValueSpecification","valueRequired":true,"valueName":"search_term_string"}}],"inLanguage":"fr-FR"},{"@type":"Organization","@id":"https:\/\/www.pompes-funebres-santilly.com\/fr\/#organization","name":"LCF Santilly","url":"https:\/\/www.pompes-funebres-santilly.com\/fr\/","logo":{"@type":"ImageObject","inLanguage":"fr-FR","@id":"https:\/\/www.pompes-funebres-santilly.com\/fr\/#\/schema\/logo\/image\/","url":"https:\/\/www.pompes-funebres-santilly.com\/wp-content\/uploads\/2019\/12\/logo-1.png","contentUrl":"https:\/\/www.pompes-funebres-santilly.com\/wp-content\/uploads\/2019\/12\/logo-1.png","width":433,"height":115,"caption":"LCF Santilly"},"image":{"@id":"https:\/\/www.pompes-funebres-santilly.com\/fr\/#\/schema\/logo\/image\/"}},{"@type":"Person","@id":"https:\/\/www.pompes-funebres-santilly.com\/fr\/#\/schema\/person\/3020f1c0bd1feb0868115366fb31cc95","name":"Santilly","image":{"@type":"ImageObject","inLanguage":"fr-FR","@id":"https:\/\/www.pompes-funebres-santilly.com\/fr\/#\/schema\/person\/image\/","url":"https:\/\/secure.gravatar.com\/avatar\/d08e8b9ec21a434951053c5533e88ebcb4c108593887fce4d87fda56ac806b28?s=96&d=mm&r=g","contentUrl":"https:\/\/secure.gravatar.com\/avatar\/d08e8b9ec21a434951053c5533e88ebcb4c108593887fce4d87fda56ac806b28?s=96&d=mm&r=g","caption":"Santilly"}}]}},"_links":{"self":[{"href":"https:\/\/www.pompes-funebres-santilly.com\/fr\/wp-json\/wp\/v2\/posts\/23756","targetHints":{"allow":["GET"]}}],"collection":[{"href":"https:\/\/www.pompes-funebres-santilly.com\/fr\/wp-json\/wp\/v2\/posts"}],"about":[{"href":"https:\/\/www.pompes-funebres-santilly.com\/fr\/wp-json\/wp\/v2\/types\/post"}],"author":[{"embeddable":true,"href":"https:\/\/www.pompes-funebres-santilly.com\/fr\/wp-json\/wp\/v2\/users\/3"}],"replies":[{"embeddable":true,"href":"https:\/\/www.pompes-funebres-santilly.com\/fr\/wp-json\/wp\/v2\/comments?post=23756"}],"version-history":[{"count":7,"href":"https:\/\/www.pompes-funebres-santilly.com\/fr\/wp-json\/wp\/v2\/posts\/23756\/revisions"}],"predecessor-version":[{"id":24166,"href":"https:\/\/www.pompes-funebres-santilly.com\/fr\/wp-json\/wp\/v2\/posts\/23756\/revisions\/24166"}],"wp:featuredmedia":[{"embeddable":true,"href":"https:\/\/www.pompes-funebres-santilly.com\/fr\/wp-json\/wp\/v2\/media\/23917"}],"wp:attachment":[{"href":"https:\/\/www.pompes-funebres-santilly.com\/fr\/wp-json\/wp\/v2\/media?parent=23756"}],"wp:term":[{"taxonomy":"category","embeddable":true,"href":"https:\/\/www.pompes-funebres-santilly.com\/fr\/wp-json\/wp\/v2\/categories?post=23756"},{"taxonomy":"post_tag","embeddable":true,"href":"https:\/\/www.pompes-funebres-santilly.com\/fr\/wp-json\/wp\/v2\/tags?post=23756"}],"curies":[{"name":"wp","href":"https:\/\/api.w.org\/{rel}","templated":true}]}}