{"id":20580,"date":"2020-05-27T11:50:24","date_gmt":"2020-05-27T09:50:24","guid":{"rendered":"https:\/\/www.pompes-funebres-santilly.com\/?p=20580"},"modified":"2020-09-14T16:17:31","modified_gmt":"2020-09-14T14:17:31","slug":"la-pose-de-la-premiere-pierre-du-centre-funeraire-de-la-lamorlaye","status":"publish","type":"post","link":"https:\/\/www.pompes-funebres-santilly.com\/fr\/2020\/05\/27\/la-pose-de-la-premiere-pierre-du-centre-funeraire-de-la-lamorlaye\/","title":{"rendered":"La pose de la premi\u00e8re pierre du CENTRE FUNERAIRE DE LA LAMORLAYE"},"content":{"rendered":"<p>[vc_row][vc_column][vc_column_text]<\/p>\n<p class=\"p1\"><span class=\"s1\">Mardi 10 d\u00e9cembre 2019, \u00e0 11h30, a eu lieu la pose de la premi\u00e8re pierre du Centre Fun\u00e9raire de Lamorlaye. Nous remercions la pr\u00e9sence de Mr Philippe Martineau, pr\u00e9sident du r\u00e9seau \u201cLe Choix Fun\u00e9raire\u201d, notre partenaire UDIFE Le Choix Funeraire, merci \u00e9galement \u00e0 la Ville de Lamorlaye, notre architecte Mr Beaucourt, la Soci\u00e9t\u00e9 G\u00e9n\u00e9rale et nos collaborateurs qui nous accompagnent dans ce projet.<\/span><\/p>\n<p class=\"p1\"><span class=\"s1\">Nous sommes en mesure de vous recevoir dans notre point d\u2019accueil au 26-28 rue de la Seigneurie \u00e0 Lamorlaye.<\/span><\/p>\n\n\n<figure class=\"wp-block-gallery columns-3 is-cropped wp-block-gallery-1 is-layout-flex wp-block-gallery-is-layout-flex\"><ul class=\"blocks-gallery-grid\"><li class=\"blocks-gallery-item\"><figure><img decoding=\"async\" width=\"1024\" height=\"582\" src=\"https:\/\/www.pompes-funebres-santilly.com\/wp-content\/uploads\/2020\/05\/LAMORLAYE_01-1-1024x582.jpg\" alt=\"\" data-id=\"22635\" data-full-url=\"https:\/\/www.pompes-funebres-santilly.com\/wp-content\/uploads\/2020\/05\/LAMORLAYE_01-1.jpg\" data-link=\"https:\/\/www.pompes-funebres-santilly.com\/fr\/2020\/05\/27\/la-pose-de-la-premiere-pierre-du-centre-funeraire-de-la-lamorlaye\/lamorlaye_01-5\/\" class=\"wp-image-22635\" srcset=\"https:\/\/www.pompes-funebres-santilly.com\/wp-content\/uploads\/2020\/05\/LAMORLAYE_01-1-1024x582.jpg 1024w, https:\/\/www.pompes-funebres-santilly.com\/wp-content\/uploads\/2020\/05\/LAMORLAYE_01-1-300x170.jpg 300w, https:\/\/www.pompes-funebres-santilly.com\/wp-content\/uploads\/2020\/05\/LAMORLAYE_01-1-768x436.jpg 768w, https:\/\/www.pompes-funebres-santilly.com\/wp-content\/uploads\/2020\/05\/LAMORLAYE_01-1-1536x872.jpg 1536w, https:\/\/www.pompes-funebres-santilly.com\/wp-content\/uploads\/2020\/05\/LAMORLAYE_01-1.jpg 2000w\" sizes=\"(max-width: 1024px) 100vw, 1024px\" \/><\/figure><\/li><li class=\"blocks-gallery-item\"><figure><img decoding=\"async\" width=\"1024\" height=\"582\" src=\"https:\/\/www.pompes-funebres-santilly.com\/wp-content\/uploads\/2020\/05\/LAMORLAYE_02-1024x582.jpg\" alt=\"\" data-id=\"22638\" data-full-url=\"https:\/\/www.pompes-funebres-santilly.com\/wp-content\/uploads\/2020\/05\/LAMORLAYE_02.jpg\" data-link=\"https:\/\/www.pompes-funebres-santilly.com\/fr\/2020\/05\/27\/la-pose-de-la-premiere-pierre-du-centre-funeraire-de-la-lamorlaye\/lamorlaye_02-2\/\" class=\"wp-image-22638\" srcset=\"https:\/\/www.pompes-funebres-santilly.com\/wp-content\/uploads\/2020\/05\/LAMORLAYE_02-1024x582.jpg 1024w, https:\/\/www.pompes-funebres-santilly.com\/wp-content\/uploads\/2020\/05\/LAMORLAYE_02-300x170.jpg 300w, https:\/\/www.pompes-funebres-santilly.com\/wp-content\/uploads\/2020\/05\/LAMORLAYE_02-768x436.jpg 768w, https:\/\/www.pompes-funebres-santilly.com\/wp-content\/uploads\/2020\/05\/LAMORLAYE_02-1536x872.jpg 1536w, https:\/\/www.pompes-funebres-santilly.com\/wp-content\/uploads\/2020\/05\/LAMORLAYE_02.jpg 2000w\" sizes=\"(max-width: 1024px) 100vw, 1024px\" \/><\/figure><\/li><li class=\"blocks-gallery-item\"><figure><img decoding=\"async\" width=\"1024\" height=\"582\" src=\"https:\/\/www.pompes-funebres-santilly.com\/wp-content\/uploads\/2020\/05\/LAMORLAYE_03-1024x582.jpg\" alt=\"\" data-id=\"22641\" data-full-url=\"https:\/\/www.pompes-funebres-santilly.com\/wp-content\/uploads\/2020\/05\/LAMORLAYE_03.jpg\" data-link=\"https:\/\/www.pompes-funebres-santilly.com\/fr\/2020\/05\/27\/la-pose-de-la-premiere-pierre-du-centre-funeraire-de-la-lamorlaye\/lamorlaye_03-2\/\" class=\"wp-image-22641\" srcset=\"https:\/\/www.pompes-funebres-santilly.com\/wp-content\/uploads\/2020\/05\/LAMORLAYE_03-1024x582.jpg 1024w, https:\/\/www.pompes-funebres-santilly.com\/wp-content\/uploads\/2020\/05\/LAMORLAYE_03-300x170.jpg 300w, https:\/\/www.pompes-funebres-santilly.com\/wp-content\/uploads\/2020\/05\/LAMORLAYE_03-768x436.jpg 768w, https:\/\/www.pompes-funebres-santilly.com\/wp-content\/uploads\/2020\/05\/LAMORLAYE_03-1536x872.jpg 1536w, https:\/\/www.pompes-funebres-santilly.com\/wp-content\/uploads\/2020\/05\/LAMORLAYE_03.jpg 2000w\" sizes=\"(max-width: 1024px) 100vw, 1024px\" \/><\/figure><\/li><\/ul><\/figure>\n\n\n\n<p><\/p>\n","protected":false},"excerpt":{"rendered":"<p>Mardi 10 d\u00e9cembre 2019, \u00e0 11h30, a eu lieu la pose de la premi\u00e8re pierre du Centre Fun\u00e9raire de Lamorlaye. Nous remercions la pr\u00e9sence de Mr Philippe Martineau, pr\u00e9sident du r\u00e9seau \u201cLe Choix Fun\u00e9raire\u00a0\u00bb(&#8230;)<\/p>\n","protected":false},"author":1,"featured_media":22649,"comment_status":"closed","ping_status":"closed","sticky":false,"template":"","format":"standard","meta":{"_acf_changed":false,"footnotes":""},"categories":[371],"tags":[378,379,377],"class_list":["post-20580","post","type-post","status-publish","format-standard","has-post-thumbnail","hentry","category-agences","tag-accessibilite","tag-ets-santilly","tag-renovation"],"acf":false,"yoast_head":"<!-- This site is optimized with the Yoast SEO plugin v26.5 - https:\/\/yoast.com\/wordpress\/plugins\/seo\/ -->\n<title>La pose de la premi\u00e8re pierre du CENTRE FUNERAIRE DE LA LAMORLAYE - Pompes Fun\u00e8bres Santilly<\/title>\n<meta name=\"description\" content=\"Mardi 10 d\u00e9cembre 2019, \u00e0 11h30, a eu lieu la pose de la premi\u00e8re pierre du Centre Fun\u00e9raire de Lamorlaye. Nous remercions la pr\u00e9sence de Mr Philippe Martineau, pr\u00e9sident du r\u00e9seau \u201cLe Choix Fun\u00e9raire\u201d, notre partenaire UDIFE Le Choix Funeraire, merci \u00e9galement \u00e0 la Ville de Lamorlaye, notre architecte Mr Beaucourt, la Soci\u00e9t\u00e9 G\u00e9n\u00e9rale et nos collaborateurs qui nous accompagnent dans ce project.Nous sommes en mesure de vous recevoir dans notre point d\u2019accueil au 26-28 rue de la Seigneurie \u00e0 Lamorlaye.\" \/>\n<meta name=\"robots\" content=\"index, follow, max-snippet:-1, max-image-preview:large, max-video-preview:-1\" \/>\n<link rel=\"canonical\" href=\"https:\/\/www.pompes-funebres-santilly.com\/fr\/2020\/05\/27\/la-pose-de-la-premiere-pierre-du-centre-funeraire-de-la-lamorlaye\/\" \/>\n<meta property=\"og:locale\" content=\"fr_FR\" \/>\n<meta property=\"og:type\" content=\"article\" \/>\n<meta property=\"og:title\" content=\"La pose de la premi\u00e8re pierre du CENTRE FUNERAIRE DE LA LAMORLAYE - Pompes Fun\u00e8bres Santilly\" \/>\n<meta property=\"og:description\" content=\"Mardi 10 d\u00e9cembre 2019, \u00e0 11h30, a eu lieu la pose de la premi\u00e8re pierre du Centre Fun\u00e9raire de Lamorlaye. Nous remercions la pr\u00e9sence de Mr Philippe Martineau, pr\u00e9sident du r\u00e9seau \u201cLe Choix Fun\u00e9raire\u201d, notre partenaire UDIFE Le Choix Funeraire, merci \u00e9galement \u00e0 la Ville de Lamorlaye, notre architecte Mr Beaucourt, la Soci\u00e9t\u00e9 G\u00e9n\u00e9rale et nos collaborateurs qui nous accompagnent dans ce project.Nous sommes en mesure de vous recevoir dans notre point d\u2019accueil au 26-28 rue de la Seigneurie \u00e0 Lamorlaye.\" \/>\n<meta property=\"og:url\" content=\"https:\/\/www.pompes-funebres-santilly.com\/fr\/2020\/05\/27\/la-pose-de-la-premiere-pierre-du-centre-funeraire-de-la-lamorlaye\/\" \/>\n<meta property=\"og:site_name\" content=\"Pompes Fun\u00e8bres Santilly\" \/>\n<meta property=\"article:published_time\" content=\"2020-05-27T09:50:24+00:00\" \/>\n<meta property=\"article:modified_time\" content=\"2020-09-14T14:17:31+00:00\" \/>\n<meta property=\"og:image\" content=\"https:\/\/www.pompes-funebres-santilly.com\/wp-content\/uploads\/2020\/05\/Lamorlaye-La-pose-de-la-premie\u0300re-pierre--scaled.jpg\" \/>\n\t<meta property=\"og:image:width\" content=\"2560\" \/>\n\t<meta property=\"og:image:height\" content=\"1663\" \/>\n\t<meta property=\"og:image:type\" content=\"image\/jpeg\" \/>\n<meta name=\"author\" content=\"amphibee\" \/>\n<meta name=\"twitter:card\" content=\"summary_large_image\" \/>\n<meta name=\"twitter:label1\" content=\"\u00c9crit par\" \/>\n\t<meta name=\"twitter:data1\" content=\"amphibee\" \/>\n<script type=\"application\/ld+json\" class=\"yoast-schema-graph\">{\"@context\":\"https:\/\/schema.org\",\"@graph\":[{\"@type\":\"Article\",\"@id\":\"https:\/\/www.pompes-funebres-santilly.com\/fr\/2020\/05\/27\/la-pose-de-la-premiere-pierre-du-centre-funeraire-de-la-lamorlaye\/#article\",\"isPartOf\":{\"@id\":\"https:\/\/www.pompes-funebres-santilly.com\/fr\/2020\/05\/27\/la-pose-de-la-premiere-pierre-du-centre-funeraire-de-la-lamorlaye\/\"},\"author\":{\"name\":\"amphibee\",\"@id\":\"https:\/\/www.pompes-funebres-santilly.com\/fr\/#\/schema\/person\/3a1978ea1fc46c98ac613bb91afeb9c0\"},\"headline\":\"La pose de la premi\u00e8re pierre du CENTRE FUNERAIRE DE LA LAMORLAYE\",\"datePublished\":\"2020-05-27T09:50:24+00:00\",\"dateModified\":\"2020-09-14T14:17:31+00:00\",\"mainEntityOfPage\":{\"@id\":\"https:\/\/www.pompes-funebres-santilly.com\/fr\/2020\/05\/27\/la-pose-de-la-premiere-pierre-du-centre-funeraire-de-la-lamorlaye\/\"},\"wordCount\":108,\"publisher\":{\"@id\":\"https:\/\/www.pompes-funebres-santilly.com\/fr\/#organization\"},\"image\":{\"@id\":\"https:\/\/www.pompes-funebres-santilly.com\/fr\/2020\/05\/27\/la-pose-de-la-premiere-pierre-du-centre-funeraire-de-la-lamorlaye\/#primaryimage\"},\"thumbnailUrl\":\"https:\/\/www.pompes-funebres-santilly.com\/wp-content\/uploads\/2020\/05\/Lamorlaye-La-pose-de-la-premie\u0300re-pierre--scaled.jpg\",\"keywords\":[\"Accessibilit\u00e9\",\"Ets Santilly\",\"R\u00e9novation\"],\"articleSection\":[\"Agences\"],\"inLanguage\":\"fr-FR\"},{\"@type\":\"WebPage\",\"@id\":\"https:\/\/www.pompes-funebres-santilly.com\/fr\/2020\/05\/27\/la-pose-de-la-premiere-pierre-du-centre-funeraire-de-la-lamorlaye\/\",\"url\":\"https:\/\/www.pompes-funebres-santilly.com\/fr\/2020\/05\/27\/la-pose-de-la-premiere-pierre-du-centre-funeraire-de-la-lamorlaye\/\",\"name\":\"La pose de la premi\u00e8re pierre du CENTRE FUNERAIRE DE LA LAMORLAYE - Pompes Fun\u00e8bres Santilly\",\"isPartOf\":{\"@id\":\"https:\/\/www.pompes-funebres-santilly.com\/fr\/#website\"},\"primaryImageOfPage\":{\"@id\":\"https:\/\/www.pompes-funebres-santilly.com\/fr\/2020\/05\/27\/la-pose-de-la-premiere-pierre-du-centre-funeraire-de-la-lamorlaye\/#primaryimage\"},\"image\":{\"@id\":\"https:\/\/www.pompes-funebres-santilly.com\/fr\/2020\/05\/27\/la-pose-de-la-premiere-pierre-du-centre-funeraire-de-la-lamorlaye\/#primaryimage\"},\"thumbnailUrl\":\"https:\/\/www.pompes-funebres-santilly.com\/wp-content\/uploads\/2020\/05\/Lamorlaye-La-pose-de-la-premie\u0300re-pierre--scaled.jpg\",\"datePublished\":\"2020-05-27T09:50:24+00:00\",\"dateModified\":\"2020-09-14T14:17:31+00:00\",\"description\":\"Mardi 10 d\u00e9cembre 2019, \u00e0 11h30, a eu lieu la pose de la premi\u00e8re pierre du Centre Fun\u00e9raire de Lamorlaye. Nous remercions la pr\u00e9sence de Mr Philippe Martineau, pr\u00e9sident du r\u00e9seau \u201cLe Choix Fun\u00e9raire\u201d, notre partenaire UDIFE Le Choix Funeraire, merci \u00e9galement \u00e0 la Ville de Lamorlaye, notre architecte Mr Beaucourt, la Soci\u00e9t\u00e9 G\u00e9n\u00e9rale et nos collaborateurs qui nous accompagnent dans ce project.Nous sommes en mesure de vous recevoir dans notre point d\u2019accueil au 26-28 rue de la Seigneurie \u00e0 Lamorlaye.\",\"breadcrumb\":{\"@id\":\"https:\/\/www.pompes-funebres-santilly.com\/fr\/2020\/05\/27\/la-pose-de-la-premiere-pierre-du-centre-funeraire-de-la-lamorlaye\/#breadcrumb\"},\"inLanguage\":\"fr-FR\",\"potentialAction\":[{\"@type\":\"ReadAction\",\"target\":[\"https:\/\/www.pompes-funebres-santilly.com\/fr\/2020\/05\/27\/la-pose-de-la-premiere-pierre-du-centre-funeraire-de-la-lamorlaye\/\"]}]},{\"@type\":\"ImageObject\",\"inLanguage\":\"fr-FR\",\"@id\":\"https:\/\/www.pompes-funebres-santilly.com\/fr\/2020\/05\/27\/la-pose-de-la-premiere-pierre-du-centre-funeraire-de-la-lamorlaye\/#primaryimage\",\"url\":\"https:\/\/www.pompes-funebres-santilly.com\/wp-content\/uploads\/2020\/05\/Lamorlaye-La-pose-de-la-premie\u0300re-pierre--scaled.jpg\",\"contentUrl\":\"https:\/\/www.pompes-funebres-santilly.com\/wp-content\/uploads\/2020\/05\/Lamorlaye-La-pose-de-la-premie\u0300re-pierre--scaled.jpg\",\"width\":2560,\"height\":1663},{\"@type\":\"BreadcrumbList\",\"@id\":\"https:\/\/www.pompes-funebres-santilly.com\/fr\/2020\/05\/27\/la-pose-de-la-premiere-pierre-du-centre-funeraire-de-la-lamorlaye\/#breadcrumb\",\"itemListElement\":[{\"@type\":\"ListItem\",\"position\":1,\"name\":\"Accueil\",\"item\":\"https:\/\/www.pompes-funebres-santilly.com\/fr\/\"},{\"@type\":\"ListItem\",\"position\":2,\"name\":\"La pose de la premi\u00e8re pierre du CENTRE FUNERAIRE DE LA LAMORLAYE\"}]},{\"@type\":\"WebSite\",\"@id\":\"https:\/\/www.pompes-funebres-santilly.com\/fr\/#website\",\"url\":\"https:\/\/www.pompes-funebres-santilly.com\/fr\/\",\"name\":\"Pompes Fun\u00e8bres Santilly\",\"description\":\"\",\"publisher\":{\"@id\":\"https:\/\/www.pompes-funebres-santilly.com\/fr\/#organization\"},\"potentialAction\":[{\"@type\":\"SearchAction\",\"target\":{\"@type\":\"EntryPoint\",\"urlTemplate\":\"https:\/\/www.pompes-funebres-santilly.com\/fr\/?s={search_term_string}\"},\"query-input\":{\"@type\":\"PropertyValueSpecification\",\"valueRequired\":true,\"valueName\":\"search_term_string\"}}],\"inLanguage\":\"fr-FR\"},{\"@type\":\"Organization\",\"@id\":\"https:\/\/www.pompes-funebres-santilly.com\/fr\/#organization\",\"name\":\"LCF Santilly\",\"url\":\"https:\/\/www.pompes-funebres-santilly.com\/fr\/\",\"logo\":{\"@type\":\"ImageObject\",\"inLanguage\":\"fr-FR\",\"@id\":\"https:\/\/www.pompes-funebres-santilly.com\/fr\/#\/schema\/logo\/image\/\",\"url\":\"https:\/\/www.pompes-funebres-santilly.com\/wp-content\/uploads\/2019\/12\/logo-1.png\",\"contentUrl\":\"https:\/\/www.pompes-funebres-santilly.com\/wp-content\/uploads\/2019\/12\/logo-1.png\",\"width\":433,\"height\":115,\"caption\":\"LCF Santilly\"},\"image\":{\"@id\":\"https:\/\/www.pompes-funebres-santilly.com\/fr\/#\/schema\/logo\/image\/\"}},{\"@type\":\"Person\",\"@id\":\"https:\/\/www.pompes-funebres-santilly.com\/fr\/#\/schema\/person\/3a1978ea1fc46c98ac613bb91afeb9c0\",\"name\":\"amphibee\",\"image\":{\"@type\":\"ImageObject\",\"inLanguage\":\"fr-FR\",\"@id\":\"https:\/\/www.pompes-funebres-santilly.com\/fr\/#\/schema\/person\/image\/\",\"url\":\"https:\/\/secure.gravatar.com\/avatar\/0d78739699854d9c79a4b5a76a4f237c21ba44802f78454496cbcfe1279d37d8?s=96&d=mm&r=g\",\"contentUrl\":\"https:\/\/secure.gravatar.com\/avatar\/0d78739699854d9c79a4b5a76a4f237c21ba44802f78454496cbcfe1279d37d8?s=96&d=mm&r=g\",\"caption\":\"amphibee\"}}]}<\/script>\n<!-- \/ Yoast SEO plugin. -->","yoast_head_json":{"title":"La pose de la premi\u00e8re pierre du CENTRE FUNERAIRE DE LA LAMORLAYE - Pompes Fun\u00e8bres Santilly","description":"Mardi 10 d\u00e9cembre 2019, \u00e0 11h30, a eu lieu la pose de la premi\u00e8re pierre du Centre Fun\u00e9raire de Lamorlaye. Nous remercions la pr\u00e9sence de Mr Philippe Martineau, pr\u00e9sident du r\u00e9seau \u201cLe Choix Fun\u00e9raire\u201d, notre partenaire UDIFE Le Choix Funeraire, merci \u00e9galement \u00e0 la Ville de Lamorlaye, notre architecte Mr Beaucourt, la Soci\u00e9t\u00e9 G\u00e9n\u00e9rale et nos collaborateurs qui nous accompagnent dans ce project.Nous sommes en mesure de vous recevoir dans notre point d\u2019accueil au 26-28 rue de la Seigneurie \u00e0 Lamorlaye.","robots":{"index":"index","follow":"follow","max-snippet":"max-snippet:-1","max-image-preview":"max-image-preview:large","max-video-preview":"max-video-preview:-1"},"canonical":"https:\/\/www.pompes-funebres-santilly.com\/fr\/2020\/05\/27\/la-pose-de-la-premiere-pierre-du-centre-funeraire-de-la-lamorlaye\/","og_locale":"fr_FR","og_type":"article","og_title":"La pose de la premi\u00e8re pierre du CENTRE FUNERAIRE DE LA LAMORLAYE - Pompes Fun\u00e8bres Santilly","og_description":"Mardi 10 d\u00e9cembre 2019, \u00e0 11h30, a eu lieu la pose de la premi\u00e8re pierre du Centre Fun\u00e9raire de Lamorlaye. Nous remercions la pr\u00e9sence de Mr Philippe Martineau, pr\u00e9sident du r\u00e9seau \u201cLe Choix Fun\u00e9raire\u201d, notre partenaire UDIFE Le Choix Funeraire, merci \u00e9galement \u00e0 la Ville de Lamorlaye, notre architecte Mr Beaucourt, la Soci\u00e9t\u00e9 G\u00e9n\u00e9rale et nos collaborateurs qui nous accompagnent dans ce project.Nous sommes en mesure de vous recevoir dans notre point d\u2019accueil au 26-28 rue de la Seigneurie \u00e0 Lamorlaye.","og_url":"https:\/\/www.pompes-funebres-santilly.com\/fr\/2020\/05\/27\/la-pose-de-la-premiere-pierre-du-centre-funeraire-de-la-lamorlaye\/","og_site_name":"Pompes Fun\u00e8bres Santilly","article_published_time":"2020-05-27T09:50:24+00:00","article_modified_time":"2020-09-14T14:17:31+00:00","og_image":[{"width":2560,"height":1663,"url":"https:\/\/www.pompes-funebres-santilly.com\/wp-content\/uploads\/2020\/05\/Lamorlaye-La-pose-de-la-premie\u0300re-pierre--scaled.jpg","type":"image\/jpeg"}],"author":"amphibee","twitter_card":"summary_large_image","twitter_misc":{"\u00c9crit par":"amphibee"},"schema":{"@context":"https:\/\/schema.org","@graph":[{"@type":"Article","@id":"https:\/\/www.pompes-funebres-santilly.com\/fr\/2020\/05\/27\/la-pose-de-la-premiere-pierre-du-centre-funeraire-de-la-lamorlaye\/#article","isPartOf":{"@id":"https:\/\/www.pompes-funebres-santilly.com\/fr\/2020\/05\/27\/la-pose-de-la-premiere-pierre-du-centre-funeraire-de-la-lamorlaye\/"},"author":{"name":"amphibee","@id":"https:\/\/www.pompes-funebres-santilly.com\/fr\/#\/schema\/person\/3a1978ea1fc46c98ac613bb91afeb9c0"},"headline":"La pose de la premi\u00e8re pierre du CENTRE FUNERAIRE DE LA LAMORLAYE","datePublished":"2020-05-27T09:50:24+00:00","dateModified":"2020-09-14T14:17:31+00:00","mainEntityOfPage":{"@id":"https:\/\/www.pompes-funebres-santilly.com\/fr\/2020\/05\/27\/la-pose-de-la-premiere-pierre-du-centre-funeraire-de-la-lamorlaye\/"},"wordCount":108,"publisher":{"@id":"https:\/\/www.pompes-funebres-santilly.com\/fr\/#organization"},"image":{"@id":"https:\/\/www.pompes-funebres-santilly.com\/fr\/2020\/05\/27\/la-pose-de-la-premiere-pierre-du-centre-funeraire-de-la-lamorlaye\/#primaryimage"},"thumbnailUrl":"https:\/\/www.pompes-funebres-santilly.com\/wp-content\/uploads\/2020\/05\/Lamorlaye-La-pose-de-la-premie\u0300re-pierre--scaled.jpg","keywords":["Accessibilit\u00e9","Ets Santilly","R\u00e9novation"],"articleSection":["Agences"],"inLanguage":"fr-FR"},{"@type":"WebPage","@id":"https:\/\/www.pompes-funebres-santilly.com\/fr\/2020\/05\/27\/la-pose-de-la-premiere-pierre-du-centre-funeraire-de-la-lamorlaye\/","url":"https:\/\/www.pompes-funebres-santilly.com\/fr\/2020\/05\/27\/la-pose-de-la-premiere-pierre-du-centre-funeraire-de-la-lamorlaye\/","name":"La pose de la premi\u00e8re pierre du CENTRE FUNERAIRE DE LA LAMORLAYE - Pompes Fun\u00e8bres Santilly","isPartOf":{"@id":"https:\/\/www.pompes-funebres-santilly.com\/fr\/#website"},"primaryImageOfPage":{"@id":"https:\/\/www.pompes-funebres-santilly.com\/fr\/2020\/05\/27\/la-pose-de-la-premiere-pierre-du-centre-funeraire-de-la-lamorlaye\/#primaryimage"},"image":{"@id":"https:\/\/www.pompes-funebres-santilly.com\/fr\/2020\/05\/27\/la-pose-de-la-premiere-pierre-du-centre-funeraire-de-la-lamorlaye\/#primaryimage"},"thumbnailUrl":"https:\/\/www.pompes-funebres-santilly.com\/wp-content\/uploads\/2020\/05\/Lamorlaye-La-pose-de-la-premie\u0300re-pierre--scaled.jpg","datePublished":"2020-05-27T09:50:24+00:00","dateModified":"2020-09-14T14:17:31+00:00","description":"Mardi 10 d\u00e9cembre 2019, \u00e0 11h30, a eu lieu la pose de la premi\u00e8re pierre du Centre Fun\u00e9raire de Lamorlaye. Nous remercions la pr\u00e9sence de Mr Philippe Martineau, pr\u00e9sident du r\u00e9seau \u201cLe Choix Fun\u00e9raire\u201d, notre partenaire UDIFE Le Choix Funeraire, merci \u00e9galement \u00e0 la Ville de Lamorlaye, notre architecte Mr Beaucourt, la Soci\u00e9t\u00e9 G\u00e9n\u00e9rale et nos collaborateurs qui nous accompagnent dans ce project.Nous sommes en mesure de vous recevoir dans notre point d\u2019accueil au 26-28 rue de la Seigneurie \u00e0 Lamorlaye.","breadcrumb":{"@id":"https:\/\/www.pompes-funebres-santilly.com\/fr\/2020\/05\/27\/la-pose-de-la-premiere-pierre-du-centre-funeraire-de-la-lamorlaye\/#breadcrumb"},"inLanguage":"fr-FR","potentialAction":[{"@type":"ReadAction","target":["https:\/\/www.pompes-funebres-santilly.com\/fr\/2020\/05\/27\/la-pose-de-la-premiere-pierre-du-centre-funeraire-de-la-lamorlaye\/"]}]},{"@type":"ImageObject","inLanguage":"fr-FR","@id":"https:\/\/www.pompes-funebres-santilly.com\/fr\/2020\/05\/27\/la-pose-de-la-premiere-pierre-du-centre-funeraire-de-la-lamorlaye\/#primaryimage","url":"https:\/\/www.pompes-funebres-santilly.com\/wp-content\/uploads\/2020\/05\/Lamorlaye-La-pose-de-la-premie\u0300re-pierre--scaled.jpg","contentUrl":"https:\/\/www.pompes-funebres-santilly.com\/wp-content\/uploads\/2020\/05\/Lamorlaye-La-pose-de-la-premie\u0300re-pierre--scaled.jpg","width":2560,"height":1663},{"@type":"BreadcrumbList","@id":"https:\/\/www.pompes-funebres-santilly.com\/fr\/2020\/05\/27\/la-pose-de-la-premiere-pierre-du-centre-funeraire-de-la-lamorlaye\/#breadcrumb","itemListElement":[{"@type":"ListItem","position":1,"name":"Accueil","item":"https:\/\/www.pompes-funebres-santilly.com\/fr\/"},{"@type":"ListItem","position":2,"name":"La pose de la premi\u00e8re pierre du CENTRE FUNERAIRE DE LA LAMORLAYE"}]},{"@type":"WebSite","@id":"https:\/\/www.pompes-funebres-santilly.com\/fr\/#website","url":"https:\/\/www.pompes-funebres-santilly.com\/fr\/","name":"Pompes Fun\u00e8bres Santilly","description":"","publisher":{"@id":"https:\/\/www.pompes-funebres-santilly.com\/fr\/#organization"},"potentialAction":[{"@type":"SearchAction","target":{"@type":"EntryPoint","urlTemplate":"https:\/\/www.pompes-funebres-santilly.com\/fr\/?s={search_term_string}"},"query-input":{"@type":"PropertyValueSpecification","valueRequired":true,"valueName":"search_term_string"}}],"inLanguage":"fr-FR"},{"@type":"Organization","@id":"https:\/\/www.pompes-funebres-santilly.com\/fr\/#organization","name":"LCF Santilly","url":"https:\/\/www.pompes-funebres-santilly.com\/fr\/","logo":{"@type":"ImageObject","inLanguage":"fr-FR","@id":"https:\/\/www.pompes-funebres-santilly.com\/fr\/#\/schema\/logo\/image\/","url":"https:\/\/www.pompes-funebres-santilly.com\/wp-content\/uploads\/2019\/12\/logo-1.png","contentUrl":"https:\/\/www.pompes-funebres-santilly.com\/wp-content\/uploads\/2019\/12\/logo-1.png","width":433,"height":115,"caption":"LCF Santilly"},"image":{"@id":"https:\/\/www.pompes-funebres-santilly.com\/fr\/#\/schema\/logo\/image\/"}},{"@type":"Person","@id":"https:\/\/www.pompes-funebres-santilly.com\/fr\/#\/schema\/person\/3a1978ea1fc46c98ac613bb91afeb9c0","name":"amphibee","image":{"@type":"ImageObject","inLanguage":"fr-FR","@id":"https:\/\/www.pompes-funebres-santilly.com\/fr\/#\/schema\/person\/image\/","url":"https:\/\/secure.gravatar.com\/avatar\/0d78739699854d9c79a4b5a76a4f237c21ba44802f78454496cbcfe1279d37d8?s=96&d=mm&r=g","contentUrl":"https:\/\/secure.gravatar.com\/avatar\/0d78739699854d9c79a4b5a76a4f237c21ba44802f78454496cbcfe1279d37d8?s=96&d=mm&r=g","caption":"amphibee"}}]}},"_links":{"self":[{"href":"https:\/\/www.pompes-funebres-santilly.com\/fr\/wp-json\/wp\/v2\/posts\/20580","targetHints":{"allow":["GET"]}}],"collection":[{"href":"https:\/\/www.pompes-funebres-santilly.com\/fr\/wp-json\/wp\/v2\/posts"}],"about":[{"href":"https:\/\/www.pompes-funebres-santilly.com\/fr\/wp-json\/wp\/v2\/types\/post"}],"author":[{"embeddable":true,"href":"https:\/\/www.pompes-funebres-santilly.com\/fr\/wp-json\/wp\/v2\/users\/1"}],"replies":[{"embeddable":true,"href":"https:\/\/www.pompes-funebres-santilly.com\/fr\/wp-json\/wp\/v2\/comments?post=20580"}],"version-history":[{"count":18,"href":"https:\/\/www.pompes-funebres-santilly.com\/fr\/wp-json\/wp\/v2\/posts\/20580\/revisions"}],"predecessor-version":[{"id":24177,"href":"https:\/\/www.pompes-funebres-santilly.com\/fr\/wp-json\/wp\/v2\/posts\/20580\/revisions\/24177"}],"wp:featuredmedia":[{"embeddable":true,"href":"https:\/\/www.pompes-funebres-santilly.com\/fr\/wp-json\/wp\/v2\/media\/22649"}],"wp:attachment":[{"href":"https:\/\/www.pompes-funebres-santilly.com\/fr\/wp-json\/wp\/v2\/media?parent=20580"}],"wp:term":[{"taxonomy":"category","embeddable":true,"href":"https:\/\/www.pompes-funebres-santilly.com\/fr\/wp-json\/wp\/v2\/categories?post=20580"},{"taxonomy":"post_tag","embeddable":true,"href":"https:\/\/www.pompes-funebres-santilly.com\/fr\/wp-json\/wp\/v2\/tags?post=20580"}],"curies":[{"name":"wp","href":"https:\/\/api.w.org\/{rel}","templated":true}]}}